{"id":14816,"date":"2021-08-26T11:42:08","date_gmt":"2021-08-26T09:42:08","guid":{"rendered":"https:\/\/slivnica.splet.arnes.si\/?p=14816"},"modified":"2021-08-26T11:42:08","modified_gmt":"2021-08-26T09:42:08","slug":"prvi-solski-dan-na-prevorju-4","status":"publish","type":"post","link":"https:\/\/www.os-slivnica.si\/?p=14816","title":{"rendered":"Prvi \u0161olski dan na Prevorju"},"content":{"rendered":"<p style=\"text-align: center\"><em><span style=\"color: #000000\"><strong>\u00a0\u00a0 Mama, kupi \u010develj\u010dke, <\/strong><\/span><\/em><\/p>\n<p style=\"text-align: center\"><em><span style=\"color: #000000\"><strong>\u00a0\u00a0\u00a0 na\u0161a Anka v \u0161olo gre! <\/strong><\/span><\/em><\/p>\n<p style=\"text-align: center\"><em><span style=\"color: #000000\"><strong>O\u010dka, kupi torbico, <\/strong><\/span><\/em><\/p>\n<p style=\"text-align: center\"><em><span style=\"color: #000000\"><strong>\u00a0\u00a0\u00a0\u00a0\u00a0 \u00a0 \u00a0 \u00a0 \u00a0 \u00a0 Anka se u\u010dila bo.<\/strong><\/span> \u00a0(N. Maurer)<\/em><\/p>\n<p><img loading=\"lazy\" decoding=\"async\" class=\"n3VNCb aligncenter\" src=\"https:\/\/www.os-cerkno.si\/files\/2020\/05\/45solarji.png\" alt=\"Navodila za u\u010dence in star\u0161e ob ponovnem vstopu v \u0161olo v ponedeljek, 1. junija 2020 (u\u010denci 4. in 5. razredov) | Osnovna \u0161ola Cerkno\" width=\"238\" height=\"164\" data-noaft=\"1\" \/><\/p>\n<h5 style=\"text-align: center\"><strong><span style=\"color: #000000\">Spo\u0161tovani star\u0161i!<\/span><\/strong><\/h5>\n<p><span style=\"color: #000000\"><strong>Prvi \u0161olski dan<\/strong> bomo na Prevorju pri\u010deli <strong>ob 10.00 uri<\/strong>. Ob 13.00 uri nas bo obiskal tudi \u017eupan, mag. Marko Diaci.<\/span><\/p>\n<p><span style=\"color: #000000\">U\u010denci prinesejo <strong>\u0161olsko torbo s potreb\u0161\u010dinami in copate<\/strong>. U\u010dbenike dobijo v \u0161oli. Ta dan bo v \u0161oli samo malica.<\/span><\/p>\n<p><span style=\"color: #000000\">Na prvi \u0161olski dan bo vozil <strong>kombi<\/strong> po naslednjem <strong>voznem redu:\u00a0\u00a0\u00a0\u00a0\u00a0\u00a0\u00a0\u00a0\u00a0 <\/strong><\/span><span style=\"color: #000000\"><img loading=\"lazy\" decoding=\"async\" class=\"n3VNCb\" src=\"https:\/\/static7.depositphotos.com\/1007989\/747\/i\/600\/depositphotos_7474865-stock-photo-school-bus.jpg\" alt=\"1,233 School bus cartoon Stock Photos | Free &amp;amp; Royalty-free School bus cartoon Images | Depositphotos\" width=\"142\" height=\"114\" data-noaft=\"1\" \/><\/span><\/p>\n<p><span style=\"color: #000000\">&#8211;<strong>Krivica: ob 9.45<\/strong><\/span><\/p>\n<p><span style=\"color: #000000\">&#8211;<strong>Ko\u0161nica: ob 9.55<\/strong><\/span><\/p>\n<p><span style=\"color: #000000\"><strong>Razvozi domov<\/strong> bodo <strong>ob 13. 20 uri<\/strong>. U\u010denci, ki se bodo peljali s kombijem, potrebujejo masko.<\/span><\/p>\n<p style=\"text-align: center\"><span style=\"color: #000000\">\u017delimo vam prijeten zaklju\u010dek po\u010ditnic in uspe\u0161en za\u010detek novega \u0161olskega leta!<\/span><\/p>\n<p>&nbsp;<\/p>\n","protected":false},"excerpt":{"rendered":"<p>\u00a0\u00a0 Mama, kupi \u010develj\u010dke, \u00a0\u00a0\u00a0 na\u0161a Anka v \u0161olo gre! O\u010dka, kupi torbico, \u00a0\u00a0\u00a0\u00a0\u00a0 \u00a0 \u00a0 \u00a0 \u00a0 \u00a0 Anka se u\u010dila bo. \u00a0(N. Maurer) Spo\u0161tovani star\u0161i! Prvi \u0161olski dan bomo na Prevorju pri\u010deli ob 10.00 uri. Ob 13.00 uri nas bo obiskal tudi \u017eupan, mag. Marko Diaci. U\u010denci prinesejo \u0161olsko torbo s potreb\u0161\u010dinami in [&hellip;]<\/p>\n","protected":false},"author":6009,"featured_media":0,"comment_status":"closed","ping_status":"closed","sticky":false,"template":"","format":"standard","meta":{"_et_pb_use_builder":"","_et_pb_old_content":"","_et_gb_content_width":"","ngg_post_thumbnail":0,"footnotes":"","_expiration-date-status":"","_expiration-date":0,"_expiration-date-type":"","_expiration-date-categories":[],"_expiration-date-options":[]},"categories":[9,11],"tags":[],"class_list":["post-14816","post","type-post","status-publish","format-standard","hentry","category-aktualno","category-ps-prevorje","et-doesnt-have-format-content","et_post_format-et-post-format-standard"],"_links":{"self":[{"href":"https:\/\/www.os-slivnica.si\/index.php?rest_route=\/wp\/v2\/posts\/14816","targetHints":{"allow":["GET"]}}],"collection":[{"href":"https:\/\/www.os-slivnica.si\/index.php?rest_route=\/wp\/v2\/posts"}],"about":[{"href":"https:\/\/www.os-slivnica.si\/index.php?rest_route=\/wp\/v2\/types\/post"}],"author":[{"embeddable":true,"href":"https:\/\/www.os-slivnica.si\/index.php?rest_route=\/wp\/v2\/users\/6009"}],"replies":[{"embeddable":true,"href":"https:\/\/www.os-slivnica.si\/index.php?rest_route=%2Fwp%2Fv2%2Fcomments&post=14816"}],"version-history":[{"count":4,"href":"https:\/\/www.os-slivnica.si\/index.php?rest_route=\/wp\/v2\/posts\/14816\/revisions"}],"predecessor-version":[{"id":14820,"href":"https:\/\/www.os-slivnica.si\/index.php?rest_route=\/wp\/v2\/posts\/14816\/revisions\/14820"}],"wp:attachment":[{"href":"https:\/\/www.os-slivnica.si\/index.php?rest_route=%2Fwp%2Fv2%2Fmedia&parent=14816"}],"wp:term":[{"taxonomy":"category","embeddable":true,"href":"https:\/\/www.os-slivnica.si\/index.php?rest_route=%2Fwp%2Fv2%2Fcategories&post=14816"},{"taxonomy":"post_tag","embeddable":true,"href":"https:\/\/www.os-slivnica.si\/index.php?rest_route=%2Fwp%2Fv2%2Ftags&post=14816"}],"curies":[{"name":"wp","href":"https:\/\/api.w.org\/{rel}","templated":true}]}}