{"id":14811,"date":"2021-08-10T10:12:43","date_gmt":"2021-08-10T08:12:43","guid":{"rendered":"https:\/\/slivnica.splet.arnes.si\/?p=14811"},"modified":"2021-08-10T10:12:43","modified_gmt":"2021-08-10T08:12:43","slug":"seznam-ucbenikov-delovnih-zvezkov-in-drugih-ucnih-gradiv-za-solsko-leto-2020-2021-2","status":"publish","type":"post","link":"https:\/\/www.os-slivnica.si\/?p=14811","title":{"rendered":"Seznam u\u010dbenikov, delovnih zvezkov in drugih u\u010dnih gradiv za \u0161olsko leto 2020\/2021"},"content":{"rendered":"<p>Objavljamo sezname u\u010dbenikov, delovnih zvezkov in drugih u\u010dnih gradiv za \u0161olsko leto 2021\/202. Urejeni so po \u0161olah:<\/p>\n<ul>\n<li><a href=\"http:\/\/slivnica.splet.arnes.si\/files\/2021\/06\/SEZNAM-O%C5%A0-SLIVNICA-PRI-CELJU-2021_2022-mati%C4%8Dna-%C5%A1ola-v-Gorici.pdf\"><strong>O\u0160 Slivnica pri Celju<\/strong><\/a>\u00a0(mati\u010dna \u0161ola v Gorici pri Slivnici)<\/li>\n<li><strong><a href=\"http:\/\/slivnica.splet.arnes.si\/files\/2021\/06\/SEZNAM-O%C5%A0-SLIVNICA-PRI-CELJU-2021_2022-P%C5%A0-LOKA-PRI-%C5%BDUSMU.pdf\">P\u0160 Loka pri \u017dusmu<\/a><\/strong><\/li>\n<li><a href=\"http:\/\/slivnica.splet.arnes.si\/files\/2021\/06\/SEZNAM-O%C5%A0-SLIVNICA-PRI-CELJU-2021_2022-P%C5%A0-PREVORJE.pdf\"><strong>P\u0160 Prevorje<\/strong><\/a><\/li>\n<\/ul>\n<p>Z zeleno barvo so ozna\u010dene novosti v primerjavi s \u0161olskim letom 2020\/2021.<\/p>\n<p>U\u010denci bodo prejeli sezname \u0161e v tiskani obliki.<\/p>\n<p><strong>Tudi letos u\u010denci ne bodo prejeli tiskanih naro\u010dilnic<\/strong>. Star\u0161i lahko gradivo za pouk kupite v knjigarnah ali ga naro\u010dite po spletu. Spodaj lahko dostopate do naro\u010dilnic nekaterih ponudnikov:<\/p>\n<ul>\n<li><strong><a href=\"https:\/\/www.kopija-nova.si\/enostavno-narocanje?pmr=19k&amp;pmid=vd0hzjjwni4v\">Kopija \u2013 nova<\/a><\/strong><\/li>\n<li><strong>Mladinska knjiga Trgovina<\/strong>\u00a0(<a href=\"https:\/\/www.emka.si\/webapp\/wcs\/stores\/servlet\/SearchDisplay?categoryId=&amp;storeId=715838034&amp;catalogId=3074457345616676718&amp;langId=-31&amp;sType=SimpleSearch&amp;resultCatEntryType=2&amp;showResultsPage=true&amp;searchSource=Q&amp;pageView=grid&amp;beginIndex=0&amp;orderBy=&amp;pageSize=12&amp;searchType=1002&amp;searchTerm=slivnica+pri+celju,+gorica+pri+slivnici&amp;#facet:&amp;productBeginIndex:0&amp;facetLimit:&amp;orderBy:&amp;pageView:grid&amp;minPrice:&amp;maxPrice:&amp;pageSize:&amp;\" data-et-has-event-already=\"true\">mati\u010dna \u0161ola v Gorici pri Slivnici<\/a>,\u00a0<a href=\"https:\/\/www.emka.si\/webapp\/wcs\/stores\/servlet\/SearchDisplay?categoryId=&amp;storeId=715838034&amp;catalogId=3074457345616676718&amp;langId=-31&amp;sType=SimpleSearch&amp;resultCatEntryType=2&amp;showResultsPage=true&amp;searchSource=Q&amp;pageView=grid&amp;beginIndex=0&amp;orderBy=&amp;pageSize=12&amp;searchType=1002&amp;searchTerm=osnovna+%C5%A1ola+slivnica+pri+celju+podru%C5%BEni%C4%8Dna&amp;#facet:&amp;productBeginIndex:0&amp;facetLimit:&amp;orderBy:&amp;pageView:grid&amp;minPrice:&amp;maxPrice:&amp;pageSize:&amp;\" data-et-has-event-already=\"true\">P\u0160 Loka pri \u017dusmu<\/a>,\u00a0<a href=\"https:\/\/www.emka.si\/webapp\/wcs\/stores\/servlet\/SearchDisplay?categoryId=&amp;storeId=715838034&amp;catalogId=3074457345616676718&amp;langId=-31&amp;sType=SimpleSearch&amp;resultCatEntryType=2&amp;showResultsPage=true&amp;searchSource=Q&amp;pageView=grid&amp;beginIndex=0&amp;orderBy=&amp;pageSize=12&amp;searchType=1002&amp;searchTerm=prevorje&amp;#facet:&amp;productBeginIndex:0&amp;facetLimit:&amp;orderBy:&amp;pageView:grid&amp;minPrice:&amp;maxPrice:&amp;pageSize:&amp;\" data-et-has-event-already=\"true\">P\u0160 Prevorje<\/a>)<\/li>\n<li><a href=\"https:\/\/www.dzs.si\/\"><strong>Dr\u017eavna zalo\u017eba Slovenije<\/strong><\/a>.<\/li>\n<\/ul>\n<p>Ob elektronskem naro\u010danju bodite pozorni, da boste gradivo naro\u010dili za pravo \u0161olo. Izkoristite tudi popuste in druge ugodnosti, ki jih ponudniki omogo\u010dajo pri nakupu oz. naro\u010dilu do dolo\u010denega datuma.<\/p>\n","protected":false},"excerpt":{"rendered":"<p>Objavljamo sezname u\u010dbenikov, delovnih zvezkov in drugih u\u010dnih gradiv za \u0161olsko leto 2021\/202. Urejeni so po \u0161olah: O\u0160 Slivnica pri Celju\u00a0(mati\u010dna \u0161ola v Gorici pri Slivnici) P\u0160 Loka pri \u017dusmu P\u0160 Prevorje Z zeleno barvo so ozna\u010dene novosti v primerjavi s \u0161olskim letom 2020\/2021. U\u010denci bodo prejeli sezname \u0161e v tiskani obliki. Tudi letos u\u010denci [&hellip;]<\/p>\n","protected":false},"author":5704,"featured_media":0,"comment_status":"closed","ping_status":"closed","sticky":false,"template":"","format":"standard","meta":{"_et_pb_use_builder":"","_et_pb_old_content":"","_et_gb_content_width":"","ngg_post_thumbnail":0,"footnotes":"","_expiration-date-status":"","_expiration-date":0,"_expiration-date-type":"","_expiration-date-categories":[],"_expiration-date-options":[]},"categories":[9],"tags":[],"class_list":["post-14811","post","type-post","status-publish","format-standard","hentry","category-aktualno","et-doesnt-have-format-content","et_post_format-et-post-format-standard"],"_links":{"self":[{"href":"https:\/\/www.os-slivnica.si\/index.php?rest_route=\/wp\/v2\/posts\/14811","targetHints":{"allow":["GET"]}}],"collection":[{"href":"https:\/\/www.os-slivnica.si\/index.php?rest_route=\/wp\/v2\/posts"}],"about":[{"href":"https:\/\/www.os-slivnica.si\/index.php?rest_route=\/wp\/v2\/types\/post"}],"author":[{"embeddable":true,"href":"https:\/\/www.os-slivnica.si\/index.php?rest_route=\/wp\/v2\/users\/5704"}],"replies":[{"embeddable":true,"href":"https:\/\/www.os-slivnica.si\/index.php?rest_route=%2Fwp%2Fv2%2Fcomments&post=14811"}],"version-history":[{"count":1,"href":"https:\/\/www.os-slivnica.si\/index.php?rest_route=\/wp\/v2\/posts\/14811\/revisions"}],"predecessor-version":[{"id":14812,"href":"https:\/\/www.os-slivnica.si\/index.php?rest_route=\/wp\/v2\/posts\/14811\/revisions\/14812"}],"wp:attachment":[{"href":"https:\/\/www.os-slivnica.si\/index.php?rest_route=%2Fwp%2Fv2%2Fmedia&parent=14811"}],"wp:term":[{"taxonomy":"category","embeddable":true,"href":"https:\/\/www.os-slivnica.si\/index.php?rest_route=%2Fwp%2Fv2%2Fcategories&post=14811"},{"taxonomy":"post_tag","embeddable":true,"href":"https:\/\/www.os-slivnica.si\/index.php?rest_route=%2Fwp%2Fv2%2Ftags&post=14811"}],"curies":[{"name":"wp","href":"https:\/\/api.w.org\/{rel}","templated":true}]}}