{"id":14773,"date":"2021-06-24T16:59:24","date_gmt":"2021-06-24T14:59:24","guid":{"rendered":"http:\/\/slivnica.splet.arnes.si\/?p=14773"},"modified":"2021-06-24T16:59:24","modified_gmt":"2021-06-24T14:59:24","slug":"mpz-zakljucuje-solsko-leto-s-pesmijo-med-iskrenimi-ljudmi","status":"publish","type":"post","link":"https:\/\/www.os-slivnica.si\/?p=14773","title":{"rendered":"MPZ zaklju\u010duje \u0161olsko leto s pesmijo Med iskrenimi ljudmi"},"content":{"rendered":"<p>To \u0161olsko leto je bilo tudi za pevce nadvse nenavadno. Vaje so potekale v manj\u0161ih skupinah tako v \u017eivo v \u0161oli kot tudi na daljavo. Kljub temu smo se nau\u010dili nekaj pesmi, ki smo jih predstavili v obliki videa na spletni strani \u0161ole. Tudi ob koncu \u0161olskega leta smo ustvarili video za pesem Med iskrenimi ljudmi. S to pesmijo se poslavljamo od tega \u0161olskega leta in vsem \u017eelimo lepe, zabavne in \u010dim bolj aktivne po\u010ditnice.<\/p>\n<p>&nbsp;<\/p>\n<p>Video <a href=\"https:\/\/youtu.be\/mdyfCKvScLU\">Med iskrenimi ljudmi<\/a><\/p>\n","protected":false},"excerpt":{"rendered":"<p>To \u0161olsko leto je bilo tudi za pevce nadvse nenavadno. Vaje so potekale v manj\u0161ih skupinah tako v \u017eivo v \u0161oli kot tudi na daljavo. Kljub temu smo se nau\u010dili nekaj pesmi, ki smo jih predstavili v obliki videa na spletni strani \u0161ole. Tudi ob koncu \u0161olskega leta smo ustvarili video za pesem Med iskrenimi [&hellip;]<\/p>\n","protected":false},"author":25171,"featured_media":0,"comment_status":"closed","ping_status":"closed","sticky":false,"template":"","format":"standard","meta":{"_et_pb_use_builder":"","_et_pb_old_content":"","_et_gb_content_width":"","ngg_post_thumbnail":0,"footnotes":"","_expiration-date-status":"","_expiration-date":0,"_expiration-date-type":"","_expiration-date-categories":[],"_expiration-date-options":[]},"categories":[9],"tags":[],"class_list":["post-14773","post","type-post","status-publish","format-standard","hentry","category-aktualno","et-doesnt-have-format-content","et_post_format-et-post-format-standard"],"_links":{"self":[{"href":"https:\/\/www.os-slivnica.si\/index.php?rest_route=\/wp\/v2\/posts\/14773","targetHints":{"allow":["GET"]}}],"collection":[{"href":"https:\/\/www.os-slivnica.si\/index.php?rest_route=\/wp\/v2\/posts"}],"about":[{"href":"https:\/\/www.os-slivnica.si\/index.php?rest_route=\/wp\/v2\/types\/post"}],"author":[{"embeddable":true,"href":"https:\/\/www.os-slivnica.si\/index.php?rest_route=\/wp\/v2\/users\/25171"}],"replies":[{"embeddable":true,"href":"https:\/\/www.os-slivnica.si\/index.php?rest_route=%2Fwp%2Fv2%2Fcomments&post=14773"}],"version-history":[{"count":1,"href":"https:\/\/www.os-slivnica.si\/index.php?rest_route=\/wp\/v2\/posts\/14773\/revisions"}],"predecessor-version":[{"id":14774,"href":"https:\/\/www.os-slivnica.si\/index.php?rest_route=\/wp\/v2\/posts\/14773\/revisions\/14774"}],"wp:attachment":[{"href":"https:\/\/www.os-slivnica.si\/index.php?rest_route=%2Fwp%2Fv2%2Fmedia&parent=14773"}],"wp:term":[{"taxonomy":"category","embeddable":true,"href":"https:\/\/www.os-slivnica.si\/index.php?rest_route=%2Fwp%2Fv2%2Fcategories&post=14773"},{"taxonomy":"post_tag","embeddable":true,"href":"https:\/\/www.os-slivnica.si\/index.php?rest_route=%2Fwp%2Fv2%2Ftags&post=14773"}],"curies":[{"name":"wp","href":"https:\/\/api.w.org\/{rel}","templated":true}]}}