{"id":14763,"date":"2021-06-25T16:35:54","date_gmt":"2021-06-25T14:35:54","guid":{"rendered":"http:\/\/slivnica.splet.arnes.si\/?p=14763"},"modified":"2021-06-25T16:35:54","modified_gmt":"2021-06-25T14:35:54","slug":"zakljucna-prireditev-v-loki-3","status":"publish","type":"post","link":"https:\/\/www.os-slivnica.si\/?p=14763","title":{"rendered":"Zaklju\u010dna prireditev v Loki"},"content":{"rendered":"<p>V \u010detrtek, 24. 6. 2021, smo v prvem delu prireditve najprej obele\u017eili 30. obletnico samostojne Slovenije. V ta namen smo \u017ee v sredo za \u0161olskim igri\u0161\u010dem posadili lipo, ki nam jo je poleg slovenske zastave podarilo Dru\u0161tvo prijateljev mladine. V drugem delu pa smo z deklamacijami, pesmijo, plesom in dramskima igrama pomahali v slovo \u0161oli. \u0160e posebej smo bili po\u010da\u0161\u010deni, da sta se nam na prireditvi pridru\u017eili ravnateljica Marjeta Ko\u0161ak in podravnateljica Majda Pinter Zeli\u010d, ki se konec \u0161olskega leta upokojita. Vodja podru\u017enice Frida Guben\u0161ek se jima je v nagovoru v imenu vseh \u0161olarjev in zaposlenih zahvalila in jima za\u017eelela mirne in brezskrbne &#8220;penzionisti\u010dne&#8221; dni. Poleg njiju pa se je poslovilo \u0161e osem na\u0161ih peto\u0161olcev in \u010detrto\u0161olec, ki jeseni odhajajo na mati\u010dno \u0161olo v Gorico. U\u010denci so sami na koncu pripravili res prijeten in spro\u0161\u010dujo\u010d program. Poleg tega so u\u010diteljice presenetili \u0161e z okra\u0161enimi avtomobili, namesto kosila pa s slastno Gaj\u0161kovo pico. Po kosilu smo se \u0161e posladkali s sladoledom, nato pa vsak po svoje od\u0161li poletnim po\u010ditnicam naproti.<\/p>\nngg_shortcode_0_placeholder\n","protected":false},"excerpt":{"rendered":"<p>V \u010detrtek, 24. 6. 2021, smo v prvem delu prireditve najprej obele\u017eili 30. obletnico samostojne Slovenije. V ta namen smo \u017ee v sredo za \u0161olskim igri\u0161\u010dem posadili lipo, ki nam jo je poleg slovenske zastave podarilo Dru\u0161tvo prijateljev mladine. V drugem delu pa smo z deklamacijami, pesmijo, plesom in dramskima igrama pomahali v slovo \u0161oli. [&hellip;]<\/p>\n","protected":false},"author":6078,"featured_media":0,"comment_status":"closed","ping_status":"closed","sticky":false,"template":"","format":"standard","meta":{"_et_pb_use_builder":"","_et_pb_old_content":"","_et_gb_content_width":"","ngg_post_thumbnail":0,"footnotes":"","_expiration-date-status":"","_expiration-date":0,"_expiration-date-type":"","_expiration-date-categories":[],"_expiration-date-options":[]},"categories":[9,10],"tags":[],"class_list":["post-14763","post","type-post","status-publish","format-standard","hentry","category-aktualno","category-ps-loka","et-doesnt-have-format-content","et_post_format-et-post-format-standard"],"_links":{"self":[{"href":"https:\/\/www.os-slivnica.si\/index.php?rest_route=\/wp\/v2\/posts\/14763","targetHints":{"allow":["GET"]}}],"collection":[{"href":"https:\/\/www.os-slivnica.si\/index.php?rest_route=\/wp\/v2\/posts"}],"about":[{"href":"https:\/\/www.os-slivnica.si\/index.php?rest_route=\/wp\/v2\/types\/post"}],"author":[{"embeddable":true,"href":"https:\/\/www.os-slivnica.si\/index.php?rest_route=\/wp\/v2\/users\/6078"}],"replies":[{"embeddable":true,"href":"https:\/\/www.os-slivnica.si\/index.php?rest_route=%2Fwp%2Fv2%2Fcomments&post=14763"}],"version-history":[{"count":9,"href":"https:\/\/www.os-slivnica.si\/index.php?rest_route=\/wp\/v2\/posts\/14763\/revisions"}],"predecessor-version":[{"id":14789,"href":"https:\/\/www.os-slivnica.si\/index.php?rest_route=\/wp\/v2\/posts\/14763\/revisions\/14789"}],"wp:attachment":[{"href":"https:\/\/www.os-slivnica.si\/index.php?rest_route=%2Fwp%2Fv2%2Fmedia&parent=14763"}],"wp:term":[{"taxonomy":"category","embeddable":true,"href":"https:\/\/www.os-slivnica.si\/index.php?rest_route=%2Fwp%2Fv2%2Fcategories&post=14763"},{"taxonomy":"post_tag","embeddable":true,"href":"https:\/\/www.os-slivnica.si\/index.php?rest_route=%2Fwp%2Fv2%2Ftags&post=14763"}],"curies":[{"name":"wp","href":"https:\/\/api.w.org\/{rel}","templated":true}]}}