{"id":14758,"date":"2021-06-24T09:27:20","date_gmt":"2021-06-24T07:27:20","guid":{"rendered":"http:\/\/slivnica.splet.arnes.si\/?p=14758"},"modified":"2021-06-24T18:24:09","modified_gmt":"2021-06-24T16:24:09","slug":"selitev-knjig-v-zaklonisce","status":"publish","type":"post","link":"https:\/\/www.os-slivnica.si\/?p=14758","title":{"rendered":"Selitev knjig v zakloni\u0161\u010de"},"content":{"rendered":"<p>Zadnje dni pouka smo zaradi prenove preselili knjige v zakloni\u0161\u010de. To nam je uspelo zelo hitro. Pri selitvi knjig so sodelovali vsi u\u010denci z u\u010ditelji.\u00a0 Knjige so potovale po \u017eivi verigi. V zakloni\u0161\u010du bodo po\u010dakale do jeseni, ko jih bomo na enak na\u010din preselili v prenovljeno knji\u017enico.<\/p>\nngg_shortcode_0_placeholder\n<p>&nbsp;<\/p>\n","protected":false},"excerpt":{"rendered":"<p>Zadnje dni pouka smo zaradi prenove preselili knjige v zakloni\u0161\u010de. To nam je uspelo zelo hitro. Pri selitvi knjig so sodelovali vsi u\u010denci z u\u010ditelji.\u00a0 Knjige so potovale po \u017eivi verigi. V zakloni\u0161\u010du bodo po\u010dakale do jeseni, ko jih bomo na enak na\u010din preselili v prenovljeno knji\u017enico. &nbsp;<\/p>\n","protected":false},"author":4050,"featured_media":0,"comment_status":"closed","ping_status":"closed","sticky":false,"template":"","format":"standard","meta":{"_et_pb_use_builder":"","_et_pb_old_content":"","_et_gb_content_width":"","ngg_post_thumbnail":0,"footnotes":"","_expiration-date-status":"","_expiration-date":0,"_expiration-date-type":"","_expiration-date-categories":[],"_expiration-date-options":[]},"categories":[9],"tags":[],"class_list":["post-14758","post","type-post","status-publish","format-standard","hentry","category-aktualno","et-doesnt-have-format-content","et_post_format-et-post-format-standard"],"_links":{"self":[{"href":"https:\/\/www.os-slivnica.si\/index.php?rest_route=\/wp\/v2\/posts\/14758","targetHints":{"allow":["GET"]}}],"collection":[{"href":"https:\/\/www.os-slivnica.si\/index.php?rest_route=\/wp\/v2\/posts"}],"about":[{"href":"https:\/\/www.os-slivnica.si\/index.php?rest_route=\/wp\/v2\/types\/post"}],"author":[{"embeddable":true,"href":"https:\/\/www.os-slivnica.si\/index.php?rest_route=\/wp\/v2\/users\/4050"}],"replies":[{"embeddable":true,"href":"https:\/\/www.os-slivnica.si\/index.php?rest_route=%2Fwp%2Fv2%2Fcomments&post=14758"}],"version-history":[{"count":5,"href":"https:\/\/www.os-slivnica.si\/index.php?rest_route=\/wp\/v2\/posts\/14758\/revisions"}],"predecessor-version":[{"id":14776,"href":"https:\/\/www.os-slivnica.si\/index.php?rest_route=\/wp\/v2\/posts\/14758\/revisions\/14776"}],"wp:attachment":[{"href":"https:\/\/www.os-slivnica.si\/index.php?rest_route=%2Fwp%2Fv2%2Fmedia&parent=14758"}],"wp:term":[{"taxonomy":"category","embeddable":true,"href":"https:\/\/www.os-slivnica.si\/index.php?rest_route=%2Fwp%2Fv2%2Fcategories&post=14758"},{"taxonomy":"post_tag","embeddable":true,"href":"https:\/\/www.os-slivnica.si\/index.php?rest_route=%2Fwp%2Fv2%2Ftags&post=14758"}],"curies":[{"name":"wp","href":"https:\/\/api.w.org\/{rel}","templated":true}]}}