{"id":14739,"date":"2021-06-23T14:44:29","date_gmt":"2021-06-23T12:44:29","guid":{"rendered":"http:\/\/slivnica.splet.arnes.si\/?p=14739"},"modified":"2021-06-23T14:44:29","modified_gmt":"2021-06-23T12:44:29","slug":"utrinki-zakljucnega-koncerta-otroskega-pevskega-zbora-ps-loka-pri-zusmi","status":"publish","type":"post","link":"https:\/\/www.os-slivnica.si\/?p=14739","title":{"rendered":"Utrinki zaklju\u010dnega koncerta otro\u0161kega pevskega zbora P\u0160 Loka pri \u017dusmi"},"content":{"rendered":"<p>V sredo, 16. junija, so pevci OPZ Loka pri \u017dusmu z zborovodkinjo Mojco Krevel pripravili zaklju\u010dni nastop za star\u0161e.<\/p>\n<p>Na nastopu so zapeli osem pesmi, pri nekaterih pa so zraven \u0161e zaplesali. Pevci zbora so bili celo leto zelo pridni in zagnani, zato so bili zares veseli, da so lahko ob koncu leta po dolgem \u010dasu star\u0161em in so\u0161olcem zopet zapeli v \u017eivo.<\/p>\n<p>Nekatere \u010dlanice zbora pa se v prostem \u010dasu intenzivneje ukvarjajo tudi s plesom. Tako so u\u010denke drugega in petega razreda, Alina, Karin, Pia in Leja, pripravile svoje koreografije in jih v parih tudi zaplesale.<\/p>\n<p>Vabljeni k ogledu. ngg_shortcode_0_placeholder.<\/p>\n","protected":false},"excerpt":{"rendered":"<p>V sredo, 16. junija, so pevci OPZ Loka pri \u017dusmu z zborovodkinjo Mojco Krevel pripravili zaklju\u010dni nastop za star\u0161e. Na nastopu so zapeli osem pesmi, pri nekaterih pa so zraven \u0161e zaplesali. Pevci zbora so bili celo leto zelo pridni in zagnani, zato so bili zares veseli, da so lahko ob koncu leta po dolgem [&hellip;]<\/p>\n","protected":false},"author":25171,"featured_media":0,"comment_status":"closed","ping_status":"closed","sticky":false,"template":"","format":"standard","meta":{"_et_pb_use_builder":"","_et_pb_old_content":"","_et_gb_content_width":"","ngg_post_thumbnail":0,"footnotes":"","_expiration-date-status":"","_expiration-date":0,"_expiration-date-type":"","_expiration-date-categories":[],"_expiration-date-options":[]},"categories":[10],"tags":[],"class_list":["post-14739","post","type-post","status-publish","format-standard","hentry","category-ps-loka","et-doesnt-have-format-content","et_post_format-et-post-format-standard"],"_links":{"self":[{"href":"https:\/\/www.os-slivnica.si\/index.php?rest_route=\/wp\/v2\/posts\/14739","targetHints":{"allow":["GET"]}}],"collection":[{"href":"https:\/\/www.os-slivnica.si\/index.php?rest_route=\/wp\/v2\/posts"}],"about":[{"href":"https:\/\/www.os-slivnica.si\/index.php?rest_route=\/wp\/v2\/types\/post"}],"author":[{"embeddable":true,"href":"https:\/\/www.os-slivnica.si\/index.php?rest_route=\/wp\/v2\/users\/25171"}],"replies":[{"embeddable":true,"href":"https:\/\/www.os-slivnica.si\/index.php?rest_route=%2Fwp%2Fv2%2Fcomments&post=14739"}],"version-history":[{"count":3,"href":"https:\/\/www.os-slivnica.si\/index.php?rest_route=\/wp\/v2\/posts\/14739\/revisions"}],"predecessor-version":[{"id":14742,"href":"https:\/\/www.os-slivnica.si\/index.php?rest_route=\/wp\/v2\/posts\/14739\/revisions\/14742"}],"wp:attachment":[{"href":"https:\/\/www.os-slivnica.si\/index.php?rest_route=%2Fwp%2Fv2%2Fmedia&parent=14739"}],"wp:term":[{"taxonomy":"category","embeddable":true,"href":"https:\/\/www.os-slivnica.si\/index.php?rest_route=%2Fwp%2Fv2%2Fcategories&post=14739"},{"taxonomy":"post_tag","embeddable":true,"href":"https:\/\/www.os-slivnica.si\/index.php?rest_route=%2Fwp%2Fv2%2Ftags&post=14739"}],"curies":[{"name":"wp","href":"https:\/\/api.w.org\/{rel}","templated":true}]}}