{"id":14730,"date":"2021-06-21T21:46:04","date_gmt":"2021-06-21T19:46:04","guid":{"rendered":"http:\/\/slivnica.splet.arnes.si\/?p=14730"},"modified":"2021-06-21T21:46:04","modified_gmt":"2021-06-21T19:46:04","slug":"solska-gredica","status":"publish","type":"post","link":"https:\/\/www.os-slivnica.si\/?p=14730","title":{"rendered":"\u0160olska gredica"},"content":{"rendered":"<div dir=\"auto\">Letos pomladi smo se z u\u010denci OPB odlo\u010dili narediti cvetli\u010dno gredico. Na koncu se je izkazalo, da so v tem projektu sodelovali tudi ostali u\u010denci, zato smo na\u0161e delo poimenovali \u0161olska gredica.<\/div>\n<div dir=\"auto\">Najprej smo izbrali primeren prostor in zavihali rokave, saj je bilo najte\u017eje to, da smo gredico pripravili na za\u010detek saditve. U\u010denci so komaj \u010dakali, da bodo lahko zasadili prve rastline. Na koncu je nastala prav simpati\u010dna \u0161olska gredica, ki smo jo popestrili s kamen\u010dki in starimi lonci. Upamo, da je v\u0161e\u010d tudi vam.<\/div>\n<div dir=\"auto\">ngg_shortcode_0_placeholder<\/div>\n","protected":false},"excerpt":{"rendered":"<p>Letos pomladi smo se z u\u010denci OPB odlo\u010dili narediti cvetli\u010dno gredico. Na koncu se je izkazalo, da so v tem projektu sodelovali tudi ostali u\u010denci, zato smo na\u0161e delo poimenovali \u0161olska gredica. Najprej smo izbrali primeren prostor in zavihali rokave, saj je bilo najte\u017eje to, da smo gredico pripravili na za\u010detek saditve. U\u010denci so komaj [&hellip;]<\/p>\n","protected":false},"author":25171,"featured_media":0,"comment_status":"closed","ping_status":"closed","sticky":false,"template":"","format":"standard","meta":{"_et_pb_use_builder":"","_et_pb_old_content":"","_et_gb_content_width":"","ngg_post_thumbnail":0,"footnotes":"","_expiration-date-status":"","_expiration-date":0,"_expiration-date-type":"","_expiration-date-categories":[],"_expiration-date-options":[]},"categories":[9],"tags":[],"class_list":["post-14730","post","type-post","status-publish","format-standard","hentry","category-aktualno","et-doesnt-have-format-content","et_post_format-et-post-format-standard"],"_links":{"self":[{"href":"https:\/\/www.os-slivnica.si\/index.php?rest_route=\/wp\/v2\/posts\/14730","targetHints":{"allow":["GET"]}}],"collection":[{"href":"https:\/\/www.os-slivnica.si\/index.php?rest_route=\/wp\/v2\/posts"}],"about":[{"href":"https:\/\/www.os-slivnica.si\/index.php?rest_route=\/wp\/v2\/types\/post"}],"author":[{"embeddable":true,"href":"https:\/\/www.os-slivnica.si\/index.php?rest_route=\/wp\/v2\/users\/25171"}],"replies":[{"embeddable":true,"href":"https:\/\/www.os-slivnica.si\/index.php?rest_route=%2Fwp%2Fv2%2Fcomments&post=14730"}],"version-history":[{"count":1,"href":"https:\/\/www.os-slivnica.si\/index.php?rest_route=\/wp\/v2\/posts\/14730\/revisions"}],"predecessor-version":[{"id":14731,"href":"https:\/\/www.os-slivnica.si\/index.php?rest_route=\/wp\/v2\/posts\/14730\/revisions\/14731"}],"wp:attachment":[{"href":"https:\/\/www.os-slivnica.si\/index.php?rest_route=%2Fwp%2Fv2%2Fmedia&parent=14730"}],"wp:term":[{"taxonomy":"category","embeddable":true,"href":"https:\/\/www.os-slivnica.si\/index.php?rest_route=%2Fwp%2Fv2%2Fcategories&post=14730"},{"taxonomy":"post_tag","embeddable":true,"href":"https:\/\/www.os-slivnica.si\/index.php?rest_route=%2Fwp%2Fv2%2Ftags&post=14730"}],"curies":[{"name":"wp","href":"https:\/\/api.w.org\/{rel}","templated":true}]}}