{"id":14719,"date":"2021-06-17T18:52:54","date_gmt":"2021-06-17T16:52:54","guid":{"rendered":"http:\/\/slivnica.splet.arnes.si\/?p=14719"},"modified":"2021-06-17T18:57:21","modified_gmt":"2021-06-17T16:57:21","slug":"valeta-2021","status":"publish","type":"post","link":"https:\/\/www.os-slivnica.si\/?p=14719","title":{"rendered":"Valeta 2021"},"content":{"rendered":"<p>V torek, 15. 6. 2021, so se na valeti poslovili na\u0161i deveto\u0161olci. Pripravili so prijeten program in osmo\u0161olcem predali klju\u010d. Zahvalili so se vsem strokovnim in ostalim delavcem na\u0161e \u0161ole.<\/p>\n<p><strong>Na\u0161im deveto\u0161olcem \u017eelimo vse dobro in veliko uspehov na njihovi nadaljnji \u017eivljenjski poti.<\/strong><\/p>\n<p style=\"text-align: right\">Razredni\u010darki:<\/p>\n<p style=\"text-align: right\">Lilijana Puhner Hrastnik in Polonca Vengu\u0161t<\/p>\nngg_shortcode_0_placeholder\n<p>&nbsp;<\/p>\n<p>Fotografije: <a href=\"https:\/\/magicnispomini.si\/\" target=\"_blank\" rel=\"noopener noreferrer\">https:\/\/magicnispomini.si\/<\/a><\/p>\n","protected":false},"excerpt":{"rendered":"<p>V torek, 15. 6. 2021, so se na valeti poslovili na\u0161i deveto\u0161olci. Pripravili so prijeten program in osmo\u0161olcem predali klju\u010d. Zahvalili so se vsem strokovnim in ostalim delavcem na\u0161e \u0161ole. Na\u0161im deveto\u0161olcem \u017eelimo vse dobro in veliko uspehov na njihovi nadaljnji \u017eivljenjski poti. Razredni\u010darki: Lilijana Puhner Hrastnik in Polonca Vengu\u0161t &nbsp; Fotografije: https:\/\/magicnispomini.si\/<\/p>\n","protected":false},"author":4243,"featured_media":0,"comment_status":"closed","ping_status":"closed","sticky":false,"template":"","format":"standard","meta":{"_et_pb_use_builder":"","_et_pb_old_content":"","_et_gb_content_width":"","ngg_post_thumbnail":0,"footnotes":"","_expiration-date-status":"","_expiration-date":0,"_expiration-date-type":"","_expiration-date-categories":[],"_expiration-date-options":[]},"categories":[9],"tags":[43],"class_list":["post-14719","post","type-post","status-publish","format-standard","hentry","category-aktualno","tag-valeta","et-doesnt-have-format-content","et_post_format-et-post-format-standard"],"_links":{"self":[{"href":"https:\/\/www.os-slivnica.si\/index.php?rest_route=\/wp\/v2\/posts\/14719","targetHints":{"allow":["GET"]}}],"collection":[{"href":"https:\/\/www.os-slivnica.si\/index.php?rest_route=\/wp\/v2\/posts"}],"about":[{"href":"https:\/\/www.os-slivnica.si\/index.php?rest_route=\/wp\/v2\/types\/post"}],"author":[{"embeddable":true,"href":"https:\/\/www.os-slivnica.si\/index.php?rest_route=\/wp\/v2\/users\/4243"}],"replies":[{"embeddable":true,"href":"https:\/\/www.os-slivnica.si\/index.php?rest_route=%2Fwp%2Fv2%2Fcomments&post=14719"}],"version-history":[{"count":5,"href":"https:\/\/www.os-slivnica.si\/index.php?rest_route=\/wp\/v2\/posts\/14719\/revisions"}],"predecessor-version":[{"id":14725,"href":"https:\/\/www.os-slivnica.si\/index.php?rest_route=\/wp\/v2\/posts\/14719\/revisions\/14725"}],"wp:attachment":[{"href":"https:\/\/www.os-slivnica.si\/index.php?rest_route=%2Fwp%2Fv2%2Fmedia&parent=14719"}],"wp:term":[{"taxonomy":"category","embeddable":true,"href":"https:\/\/www.os-slivnica.si\/index.php?rest_route=%2Fwp%2Fv2%2Fcategories&post=14719"},{"taxonomy":"post_tag","embeddable":true,"href":"https:\/\/www.os-slivnica.si\/index.php?rest_route=%2Fwp%2Fv2%2Ftags&post=14719"}],"curies":[{"name":"wp","href":"https:\/\/api.w.org\/{rel}","templated":true}]}}