{"id":14697,"date":"2021-06-15T16:03:25","date_gmt":"2021-06-15T14:03:25","guid":{"rendered":"http:\/\/slivnica.splet.arnes.si\/?p=14697"},"modified":"2021-06-15T16:06:44","modified_gmt":"2021-06-15T14:06:44","slug":"noc-pravljic-v-loki-3","status":"publish","type":"post","link":"https:\/\/www.os-slivnica.si\/?p=14697","title":{"rendered":"No\u010d pravljic v Loki"},"content":{"rendered":"<p>No\u010d\u00a0 pravljic<\/p>\n<p>In smo v P\u0160 Loka pri \u017dusmu do\u010dakali dogodek, ki smo ga nestrpno \u010dakali vse leto. \u00a0No\u010d pravljic, seveda!<\/p>\n<p>11. 6. 2021 smo se ob \u0161estih zve\u010der zbrali pred \u0161olo, kjer sta\u00a0 nas \u017ee \u010dakali u\u010diteljici Frida in Nastja. Vso na\u0161o prtljago smo odnesli v telovadnico. Nato smo od\u0161li v u\u010dilnico in tam prav vsi na kratko pripovedovali svojo najljub\u0161o pravljico. Pri tem smo se imeli lepo. Po kon\u010danem pripovedovanju smo si umili roke in se pripravili na ve\u010derjo. Ve\u010derjali smo pala\u010dinke, ki\u00a0 nam jih je pripravil kuhar Beni. Pala\u010dinke so bile izvrstne. Zabava, ki nas je nato \u010dakala, pa \u0161e bolj, kajti na\u00a0 \u0161olskem igri\u0161\u010du sta u\u010diteljici pripravili razne igre, v katerih smo res zelo u\u017eivali. Pri prvi igri smo tekmovali v dveh skupinah. Morali smo po tleh kotaliti majhne \u017eogice. Druga igra je potekala med \u0161tirimi skupinami. Vsaka skupina je dobila svoj balon. Ta balon smo si morali podajati, seveda nam pa ni smel pasti na tla. Tista skupina, ki je imela balon najdlje v zraku, je zmagala. Tretja igra se je imenovala med dvema ognjema. Trajala je kar dolgo, dokler ni na koncu ena skupina zmagala. Igre na igri\u0161\u010du so bile zelo zabavne. Po njih smo od\u0161li spet v u\u010dilnico in za\u010del se je no\u010dni kino. Vsak izmed nas je prinesel s seboj en ali dva prigrizka, s katerim smo se veselo sladkali. NJAM!<\/p>\n<p>Kon\u010dno je pri\u0161el \u010das, ko smo se za\u010deli v telovadnici pripravljati na spanje. Na blazinah smo si uredili le\u017ei\u0161\u010da. Ko smo se umili in preoblekli v pi\u017eame, sem jaz prebrala pravljico Svinjski pastir. Ali mislite, da so bili vsi fantje tiho med branjem? Seveda ne, kar naprej so nekaj klepetali \u2026 Od\u0161li smo \u0161e na strani\u0161\u010de in drug za drugim po\u010dasi zaspali. Zjutraj so se \u017ee nekateri hitro zbudili, punce pa smo samo mirno, tiho spale. Med spanjem pa je u\u010diteljica Frida naredila potegav\u0161\u010dino, saj je nas punce, ki smo \u0161e trdno spale, malo po obrazu namazala z zobno pasto. Fantje so pri tem seveda u\u017eivali. Ko smo se zbudile vse punce, smo za\u010deli pospravljati stvari. Opravili smo \u0161e jutranjo telovadbo. Po odli\u010dnem zajtrku smo se odpravili na pohod proti Babni gori. Vmes smo se ustavili \u0161e pri gospe Vidi, kjer smo jedli kekse. Ko smo se \u017ee vra\u010dali proti \u0161oli, so nas moji star\u0161i pri\u010dakali s sve\u017ee nabranimi borovnicami. Seveda smo se tudi z njimi posladkali. Vrnili smo se k \u0161oli, kjer so nas \u017ee \u010dakali star\u0161i.<\/p>\n<p>Ta dan nam bo vsem zagotovo ostal v prijetnem spominu.<\/p>\n<p>Leja Loknar, 5. razred<\/p>\nngg_shortcode_0_placeholder\n<p>&nbsp;<\/p>\n<p>&nbsp;<\/p>\n","protected":false},"excerpt":{"rendered":"<p>No\u010d\u00a0 pravljic In smo v P\u0160 Loka pri \u017dusmu do\u010dakali dogodek, ki smo ga nestrpno \u010dakali vse leto. \u00a0No\u010d pravljic, seveda! 11. 6. 2021 smo se ob \u0161estih zve\u010der zbrali pred \u0161olo, kjer sta\u00a0 nas \u017ee \u010dakali u\u010diteljici Frida in Nastja. Vso na\u0161o prtljago smo odnesli v telovadnico. Nato smo od\u0161li v u\u010dilnico in tam [&hellip;]<\/p>\n","protected":false},"author":5997,"featured_media":0,"comment_status":"closed","ping_status":"closed","sticky":false,"template":"","format":"standard","meta":{"_et_pb_use_builder":"","_et_pb_old_content":"","_et_gb_content_width":"","ngg_post_thumbnail":0,"footnotes":"","_expiration-date-status":"","_expiration-date":0,"_expiration-date-type":"","_expiration-date-categories":[],"_expiration-date-options":[]},"categories":[9,10],"tags":[],"class_list":["post-14697","post","type-post","status-publish","format-standard","hentry","category-aktualno","category-ps-loka","et-doesnt-have-format-content","et_post_format-et-post-format-standard"],"_links":{"self":[{"href":"https:\/\/www.os-slivnica.si\/index.php?rest_route=\/wp\/v2\/posts\/14697","targetHints":{"allow":["GET"]}}],"collection":[{"href":"https:\/\/www.os-slivnica.si\/index.php?rest_route=\/wp\/v2\/posts"}],"about":[{"href":"https:\/\/www.os-slivnica.si\/index.php?rest_route=\/wp\/v2\/types\/post"}],"author":[{"embeddable":true,"href":"https:\/\/www.os-slivnica.si\/index.php?rest_route=\/wp\/v2\/users\/5997"}],"replies":[{"embeddable":true,"href":"https:\/\/www.os-slivnica.si\/index.php?rest_route=%2Fwp%2Fv2%2Fcomments&post=14697"}],"version-history":[{"count":2,"href":"https:\/\/www.os-slivnica.si\/index.php?rest_route=\/wp\/v2\/posts\/14697\/revisions"}],"predecessor-version":[{"id":14699,"href":"https:\/\/www.os-slivnica.si\/index.php?rest_route=\/wp\/v2\/posts\/14697\/revisions\/14699"}],"wp:attachment":[{"href":"https:\/\/www.os-slivnica.si\/index.php?rest_route=%2Fwp%2Fv2%2Fmedia&parent=14697"}],"wp:term":[{"taxonomy":"category","embeddable":true,"href":"https:\/\/www.os-slivnica.si\/index.php?rest_route=%2Fwp%2Fv2%2Fcategories&post=14697"},{"taxonomy":"post_tag","embeddable":true,"href":"https:\/\/www.os-slivnica.si\/index.php?rest_route=%2Fwp%2Fv2%2Ftags&post=14697"}],"curies":[{"name":"wp","href":"https:\/\/api.w.org\/{rel}","templated":true}]}}