{"id":14693,"date":"2021-06-16T16:38:55","date_gmt":"2021-06-16T14:38:55","guid":{"rendered":"http:\/\/slivnica.splet.arnes.si\/?p=14693"},"modified":"2021-06-16T16:52:42","modified_gmt":"2021-06-16T14:52:42","slug":"kulturni-dan-sedmosolcev-2","status":"publish","type":"post","link":"https:\/\/www.os-slivnica.si\/?p=14693","title":{"rendered":"Kulturni dan sedmo\u0161olcev"},"content":{"rendered":"<p>Sedmo\u0161olci so imeli v torek, 15. junija 2021, kulturni dan. V okviru nacionalnega projekta Rastem s knjigo so obiskali Knji\u017enico \u0160entjur. Knji\u017eni\u010darka jim je predstavila zgodovino knji\u017eni\u010darstva v \u0160entjurju, knji\u017eni\u010dno zbirko, iskanje po knji\u017eni\u010dnem katalogu, primer rokovanja z dragocenej\u0161im gradivom, sam projekt, sodobne avtorje slovenske mladinske literature ter knjigo, ki so jo u\u010denci dobili v dar. Vsi u\u010denci so bili obdarovani z delom Mate Dolenca Kako dolg je \u010das. Poleg knji\u017enice so si ogledali tudi muzejsko zbirko o Rifniku in njegovih zakladih ter Ipav\u010devo hi\u0161o.<\/p>\n<p>Projekt<a href=\"https:\/\/www.jakrs.si\/bralna-kultura\/rastem-s-knjigo\"> Rastem s knjigo<\/a> je namenjen spodbujanju bralne kulture. Prizadeva si u\u010dence motivirati za branje kakovostne slovenske izvirne mladinske literature in jih spodbuditi k obiskovanju splo\u0161nih knji\u017enic.<\/p>\nngg_shortcode_0_placeholder\n","protected":false},"excerpt":{"rendered":"<p>Sedmo\u0161olci so imeli v torek, 15. junija 2021, kulturni dan. V okviru nacionalnega projekta Rastem s knjigo so obiskali Knji\u017enico \u0160entjur. Knji\u017eni\u010darka jim je predstavila zgodovino knji\u017eni\u010darstva v \u0160entjurju, knji\u017eni\u010dno zbirko, iskanje po knji\u017eni\u010dnem katalogu, primer rokovanja z dragocenej\u0161im gradivom, sam projekt, sodobne avtorje slovenske mladinske literature ter knjigo, ki so jo u\u010denci dobili v [&hellip;]<\/p>\n","protected":false},"author":4050,"featured_media":0,"comment_status":"closed","ping_status":"closed","sticky":false,"template":"","format":"standard","meta":{"_et_pb_use_builder":"","_et_pb_old_content":"","_et_gb_content_width":"","ngg_post_thumbnail":0,"footnotes":"","_expiration-date-status":"","_expiration-date":0,"_expiration-date-type":"","_expiration-date-categories":[],"_expiration-date-options":[]},"categories":[9],"tags":[],"class_list":["post-14693","post","type-post","status-publish","format-standard","hentry","category-aktualno","et-doesnt-have-format-content","et_post_format-et-post-format-standard"],"_links":{"self":[{"href":"https:\/\/www.os-slivnica.si\/index.php?rest_route=\/wp\/v2\/posts\/14693","targetHints":{"allow":["GET"]}}],"collection":[{"href":"https:\/\/www.os-slivnica.si\/index.php?rest_route=\/wp\/v2\/posts"}],"about":[{"href":"https:\/\/www.os-slivnica.si\/index.php?rest_route=\/wp\/v2\/types\/post"}],"author":[{"embeddable":true,"href":"https:\/\/www.os-slivnica.si\/index.php?rest_route=\/wp\/v2\/users\/4050"}],"replies":[{"embeddable":true,"href":"https:\/\/www.os-slivnica.si\/index.php?rest_route=%2Fwp%2Fv2%2Fcomments&post=14693"}],"version-history":[{"count":8,"href":"https:\/\/www.os-slivnica.si\/index.php?rest_route=\/wp\/v2\/posts\/14693\/revisions"}],"predecessor-version":[{"id":14713,"href":"https:\/\/www.os-slivnica.si\/index.php?rest_route=\/wp\/v2\/posts\/14693\/revisions\/14713"}],"wp:attachment":[{"href":"https:\/\/www.os-slivnica.si\/index.php?rest_route=%2Fwp%2Fv2%2Fmedia&parent=14693"}],"wp:term":[{"taxonomy":"category","embeddable":true,"href":"https:\/\/www.os-slivnica.si\/index.php?rest_route=%2Fwp%2Fv2%2Fcategories&post=14693"},{"taxonomy":"post_tag","embeddable":true,"href":"https:\/\/www.os-slivnica.si\/index.php?rest_route=%2Fwp%2Fv2%2Ftags&post=14693"}],"curies":[{"name":"wp","href":"https:\/\/api.w.org\/{rel}","templated":true}]}}