{"id":14672,"date":"2021-06-10T20:02:08","date_gmt":"2021-06-10T18:02:08","guid":{"rendered":"http:\/\/slivnica.splet.arnes.si\/?p=14672"},"modified":"2021-06-10T20:04:38","modified_gmt":"2021-06-10T18:04:38","slug":"kolesarski-izpit-v-loki-2","status":"publish","type":"post","link":"https:\/\/www.os-slivnica.si\/?p=14672","title":{"rendered":"Kolesarski izpit v Loki"},"content":{"rendered":"<p>Tudi <strong>lo\u0161ki kolesarji<\/strong> (peto\u0161olci in \u010detrto\u0161olec) so v \u010detrtek, 10. 6. 2021, uspe\u0161no opravili <strong>kolesarski izpit<\/strong>.<\/p>\n<p>Vse leto so pridno obiskovali prometni kro\u017eek, kjer so pridobivali potrebno znanje za vo\u017enjo s kolesom. Po uspe\u0161no opravljenem teoreti\u010dnem preizkusu znanja so premagovali razli\u010dne ovire na kolesarskem poligonu. Pokazali so veliko mero spretnosti ter tudi vztrajnosti, kajti ob vsaki napaki so morali poligon znova prevoziti. Najve\u010dja preizku\u0161nja jih je seveda \u010dakala na glavni cesti, kjer so morali vse znanje uporabiti \u0161e v praksi. Pridno so vadili in zaklju\u010dna vo\u017enja jim je odli\u010dno uspela. Ponosni so, da so kolesarski izpit opravili ravno v \u010dasu, ko po Sloveniji poteka 27. kolesarska dirka.<\/p>\n<p><strong>\u010cestitke kolesarji<\/strong> in ne pozabite na rek: <em>Bistro glavo varuje \u010delada!<\/em><\/p>\nngg_shortcode_0_placeholder\n","protected":false},"excerpt":{"rendered":"<p>Tudi lo\u0161ki kolesarji (peto\u0161olci in \u010detrto\u0161olec) so v \u010detrtek, 10. 6. 2021, uspe\u0161no opravili kolesarski izpit. Vse leto so pridno obiskovali prometni kro\u017eek, kjer so pridobivali potrebno znanje za vo\u017enjo s kolesom. Po uspe\u0161no opravljenem teoreti\u010dnem preizkusu znanja so premagovali razli\u010dne ovire na kolesarskem poligonu. Pokazali so veliko mero spretnosti ter tudi vztrajnosti, kajti ob [&hellip;]<\/p>\n","protected":false},"author":5997,"featured_media":0,"comment_status":"closed","ping_status":"closed","sticky":false,"template":"","format":"standard","meta":{"_et_pb_use_builder":"","_et_pb_old_content":"","_et_gb_content_width":"","ngg_post_thumbnail":0,"footnotes":"","_expiration-date-status":"","_expiration-date":0,"_expiration-date-type":"","_expiration-date-categories":[],"_expiration-date-options":[]},"categories":[9,10],"tags":[],"class_list":["post-14672","post","type-post","status-publish","format-standard","hentry","category-aktualno","category-ps-loka","et-doesnt-have-format-content","et_post_format-et-post-format-standard"],"_links":{"self":[{"href":"https:\/\/www.os-slivnica.si\/index.php?rest_route=\/wp\/v2\/posts\/14672","targetHints":{"allow":["GET"]}}],"collection":[{"href":"https:\/\/www.os-slivnica.si\/index.php?rest_route=\/wp\/v2\/posts"}],"about":[{"href":"https:\/\/www.os-slivnica.si\/index.php?rest_route=\/wp\/v2\/types\/post"}],"author":[{"embeddable":true,"href":"https:\/\/www.os-slivnica.si\/index.php?rest_route=\/wp\/v2\/users\/5997"}],"replies":[{"embeddable":true,"href":"https:\/\/www.os-slivnica.si\/index.php?rest_route=%2Fwp%2Fv2%2Fcomments&post=14672"}],"version-history":[{"count":2,"href":"https:\/\/www.os-slivnica.si\/index.php?rest_route=\/wp\/v2\/posts\/14672\/revisions"}],"predecessor-version":[{"id":14674,"href":"https:\/\/www.os-slivnica.si\/index.php?rest_route=\/wp\/v2\/posts\/14672\/revisions\/14674"}],"wp:attachment":[{"href":"https:\/\/www.os-slivnica.si\/index.php?rest_route=%2Fwp%2Fv2%2Fmedia&parent=14672"}],"wp:term":[{"taxonomy":"category","embeddable":true,"href":"https:\/\/www.os-slivnica.si\/index.php?rest_route=%2Fwp%2Fv2%2Fcategories&post=14672"},{"taxonomy":"post_tag","embeddable":true,"href":"https:\/\/www.os-slivnica.si\/index.php?rest_route=%2Fwp%2Fv2%2Ftags&post=14672"}],"curies":[{"name":"wp","href":"https:\/\/api.w.org\/{rel}","templated":true}]}}