{"id":14642,"date":"2021-06-09T17:26:59","date_gmt":"2021-06-09T15:26:59","guid":{"rendered":"http:\/\/slivnica.splet.arnes.si\/?p=14642"},"modified":"2021-06-15T14:07:19","modified_gmt":"2021-06-15T12:07:19","slug":"zlate-bralce-je-obiskala-mag-marija-articek","status":"publish","type":"post","link":"https:\/\/www.os-slivnica.si\/?p=14642","title":{"rendered":"Zlate bralce je obiskala mag. Marija Arti\u010dek"},"content":{"rendered":"<p>V torek, 8. junija 2021, smo za zaklju\u010dek projekta Zlata bralka, zlati bralec pripravili prireditev, na kateri smo gostili go. mag. Marijo Arti\u010dek, na\u0161o nekdanjo u\u010diteljico likovnega pouka in knji\u017eni\u010darko. <!--more-->Navdu\u0161ila nas je z zanimivim in do\u017eivetim pripovedovanjem o svojih koreninah, \u017eivljenju neko\u010d, izbiri poklica, o knjigah, knji\u017enici, ljubezni do knjig, o tem, s kak\u0161nim veseljem je opravljala u\u010diteljski poklic, kako jo je vedno veselilo delati z mladimi, o svojem likovnem in literarnem ustvarjanju, ki ju je v zadnjem obdobju zdru\u017eila v \u0161estih knjigah. Poslu\u0161ali in v\u017eivljali smo se v njene pesmi.\u00a0 Zvedeli smo veliko naukov, modrosti. Pohvalila je vse u\u010dence za njihov trud pri branju.\u00a0 Nagradila ga je tudi s podarjeno knjigo.\u00a0 Vsi zlati bralci so prejeli njeno pesni\u0161ko zbirko Meglice iz jezera in morja, v katero je vsakemu zapisala lepo misel, \u017eivljenjsko vodilo: &#8221; S knjigo potuj proti zastavljenemu cilju, ona bo svetovalka, uteha, vir veselja in znanja.&#8221;<\/p>\n<p>Na dogodku so zlati bralci od Dru\u0161tva Bralna zna\u010dka Slovenije in Zveze prijateljev mladine Slovenije za vseh devet let osnovno\u0161olskega branja za Bralno zna\u010dko prejeli spominsko priznanje in knji\u017eno nagrado, knjigo Toneta Partlji\u010da z naslovom Partlji\u010d.com. Podelili sta jih ga. ravnateljica Marjeta Ko\u0161ak in njihova mentorica Polona Vengu\u0161t.<\/p>\n<p>Zlate bralke in zlati bralci so v \u0161olskem letu 2020\/2021 postali: Ana Mastnak, Leja Planko, Klavdij Lesjak, Zoja Ojster\u0161ek, Eva Robi\u010d, Anej Ojster\u0161ek, Sara Punger\u0161ek, Karin Kristan, Danaja Krajnc, Nina Polenek \u0160torman, Nina Steiner, Alen Salobir, Luka Mansutti in Miha Mansutti.<\/p>\n<p>Veseli nas, da imamo na \u0161oli v letu, ko Bralna zna\u010dka praznuje 60. obletnico, tolik\u0161no \u0161tevilo zlatih bralcev.<\/p>\n<p>Vsem \u010destitamo za dose\u017eek in jim \u017eelimo \u0161e naprej veliko veselja ob prebiranju knjig.<\/p>\nngg_shortcode_0_placeholder\n<p>&nbsp;<\/p>\n<p>&nbsp;<\/p>\n","protected":false},"excerpt":{"rendered":"<p>V torek, 8. junija 2021, smo za zaklju\u010dek projekta Zlata bralka, zlati bralec pripravili prireditev, na kateri smo gostili go. mag. Marijo Arti\u010dek, na\u0161o nekdanjo u\u010diteljico likovnega pouka in knji\u017eni\u010darko.<\/p>\n","protected":false},"author":4050,"featured_media":0,"comment_status":"closed","ping_status":"closed","sticky":false,"template":"","format":"standard","meta":{"_et_pb_use_builder":"","_et_pb_old_content":"","_et_gb_content_width":"","ngg_post_thumbnail":0,"footnotes":"","_expiration-date-status":"","_expiration-date":0,"_expiration-date-type":"","_expiration-date-categories":[],"_expiration-date-options":[]},"categories":[9],"tags":[],"class_list":["post-14642","post","type-post","status-publish","format-standard","hentry","category-aktualno","et-doesnt-have-format-content","et_post_format-et-post-format-standard"],"_links":{"self":[{"href":"https:\/\/www.os-slivnica.si\/index.php?rest_route=\/wp\/v2\/posts\/14642","targetHints":{"allow":["GET"]}}],"collection":[{"href":"https:\/\/www.os-slivnica.si\/index.php?rest_route=\/wp\/v2\/posts"}],"about":[{"href":"https:\/\/www.os-slivnica.si\/index.php?rest_route=\/wp\/v2\/types\/post"}],"author":[{"embeddable":true,"href":"https:\/\/www.os-slivnica.si\/index.php?rest_route=\/wp\/v2\/users\/4050"}],"replies":[{"embeddable":true,"href":"https:\/\/www.os-slivnica.si\/index.php?rest_route=%2Fwp%2Fv2%2Fcomments&post=14642"}],"version-history":[{"count":9,"href":"https:\/\/www.os-slivnica.si\/index.php?rest_route=\/wp\/v2\/posts\/14642\/revisions"}],"predecessor-version":[{"id":14696,"href":"https:\/\/www.os-slivnica.si\/index.php?rest_route=\/wp\/v2\/posts\/14642\/revisions\/14696"}],"wp:attachment":[{"href":"https:\/\/www.os-slivnica.si\/index.php?rest_route=%2Fwp%2Fv2%2Fmedia&parent=14642"}],"wp:term":[{"taxonomy":"category","embeddable":true,"href":"https:\/\/www.os-slivnica.si\/index.php?rest_route=%2Fwp%2Fv2%2Fcategories&post=14642"},{"taxonomy":"post_tag","embeddable":true,"href":"https:\/\/www.os-slivnica.si\/index.php?rest_route=%2Fwp%2Fv2%2Ftags&post=14642"}],"curies":[{"name":"wp","href":"https:\/\/api.w.org\/{rel}","templated":true}]}}