{"id":14603,"date":"2021-06-07T18:45:16","date_gmt":"2021-06-07T16:45:16","guid":{"rendered":"http:\/\/slivnica.splet.arnes.si\/?p=14603"},"modified":"2021-06-07T18:45:16","modified_gmt":"2021-06-07T16:45:16","slug":"tehniski-dan-sestosolcev","status":"publish","type":"post","link":"https:\/\/www.os-slivnica.si\/?p=14603","title":{"rendered":"Tehni\u0161ki dan \u0161esto\u0161olcev"},"content":{"rendered":"<p>V petek, 4. junija 2021, so se u\u010denci 6. a in 6. b z u\u010diteljicami odpravili na tehni\u0161ki dan v Bistro in Ljubljano. Skupaj z agencijo Orel in odli\u010dno vodi\u010dko Majo so spoznavali pre\u010dudovit del Slovenije. Najprej so se odpravili v Tehni\u0161ki muzej v Bistri, nato so se z vzpenja\u010do povzpeli na Ljubljanski grad, kjer so za\u010dutili pravo grajsko do\u017eivetje, se sprehodili \u010dez mesto Ljubljana in zaklju\u010dili izlet v Hi\u0161i iluzij. Domov so se vra\u010dali s prelepimi ob\u010dutki.<\/p>\n<p>Ve\u010d o tehni\u0161kem dnevu povedo spodnje fotografije. \ud83d\ude42<\/p>\nngg_shortcode_0_placeholder\n","protected":false},"excerpt":{"rendered":"<p>V petek, 4. junija 2021, so se u\u010denci 6. a in 6. b z u\u010diteljicami odpravili na tehni\u0161ki dan v Bistro in Ljubljano. Skupaj z agencijo Orel in odli\u010dno vodi\u010dko Majo so spoznavali pre\u010dudovit del Slovenije. Najprej so se odpravili v Tehni\u0161ki muzej v Bistri, nato so se z vzpenja\u010do povzpeli na Ljubljanski grad, kjer [&hellip;]<\/p>\n","protected":false},"author":5704,"featured_media":0,"comment_status":"closed","ping_status":"closed","sticky":false,"template":"","format":"standard","meta":{"_et_pb_use_builder":"","_et_pb_old_content":"","_et_gb_content_width":"","ngg_post_thumbnail":0,"footnotes":"","_expiration-date-status":"","_expiration-date":0,"_expiration-date-type":"","_expiration-date-categories":[],"_expiration-date-options":[]},"categories":[9],"tags":[],"class_list":["post-14603","post","type-post","status-publish","format-standard","hentry","category-aktualno","et-doesnt-have-format-content","et_post_format-et-post-format-standard"],"_links":{"self":[{"href":"https:\/\/www.os-slivnica.si\/index.php?rest_route=\/wp\/v2\/posts\/14603","targetHints":{"allow":["GET"]}}],"collection":[{"href":"https:\/\/www.os-slivnica.si\/index.php?rest_route=\/wp\/v2\/posts"}],"about":[{"href":"https:\/\/www.os-slivnica.si\/index.php?rest_route=\/wp\/v2\/types\/post"}],"author":[{"embeddable":true,"href":"https:\/\/www.os-slivnica.si\/index.php?rest_route=\/wp\/v2\/users\/5704"}],"replies":[{"embeddable":true,"href":"https:\/\/www.os-slivnica.si\/index.php?rest_route=%2Fwp%2Fv2%2Fcomments&post=14603"}],"version-history":[{"count":1,"href":"https:\/\/www.os-slivnica.si\/index.php?rest_route=\/wp\/v2\/posts\/14603\/revisions"}],"predecessor-version":[{"id":14604,"href":"https:\/\/www.os-slivnica.si\/index.php?rest_route=\/wp\/v2\/posts\/14603\/revisions\/14604"}],"wp:attachment":[{"href":"https:\/\/www.os-slivnica.si\/index.php?rest_route=%2Fwp%2Fv2%2Fmedia&parent=14603"}],"wp:term":[{"taxonomy":"category","embeddable":true,"href":"https:\/\/www.os-slivnica.si\/index.php?rest_route=%2Fwp%2Fv2%2Fcategories&post=14603"},{"taxonomy":"post_tag","embeddable":true,"href":"https:\/\/www.os-slivnica.si\/index.php?rest_route=%2Fwp%2Fv2%2Ftags&post=14603"}],"curies":[{"name":"wp","href":"https:\/\/api.w.org\/{rel}","templated":true}]}}