{"id":14584,"date":"2021-06-02T18:24:01","date_gmt":"2021-06-02T16:24:01","guid":{"rendered":"http:\/\/slivnica.splet.arnes.si\/?p=14584"},"modified":"2021-06-02T18:38:30","modified_gmt":"2021-06-02T16:38:30","slug":"loski-ucenci-v-olimju","status":"publish","type":"post","link":"https:\/\/www.os-slivnica.si\/?p=14584","title":{"rendered":"Lo\u0161ki u\u010denci v Olimju"},"content":{"rendered":"<p>Nedale\u010d od na\u0161ega doma\u010dega kraja se nahaja Olimje, ki s svojimi znamenitostmi privablja \u0161tevilne obiskovalce.<\/p>\n<p>Tako smo se u\u010denci na\u0161e \u0161ole na prelep sredin dan, 2. 6. 2021, odpeljali na zaklju\u010dno ekskurzijo v ta \u010dudovit turisti\u010dni kraj. Najprej smo se seveda napotili k prijateljicam \u010darovnicam, kjer smo se prepustili pravlji\u010dni domi\u0161ljiji in neskon\u010dno u\u017eivali ob ogledu Ko\u010de pri \u010darovnici. Sledil je ogled lepo urejenega vrta zdravilnih rastlin. Redovnik minorit nam je nato kratko predstavil znamenitosti samostana s cerkvijo in lekarno. In kaj smo \u0161e nestrpno \u010dakali? Obisk \u010dokoladnice s predstavitvijo izdelave \u010dokoladnih pralin ter seveda nakupom najrazli\u010dnej\u0161ih \u010dokolad. Le kako bi mogli domov brez nje? Prav vsak izmed nas se je iz \u010dokoladnice napotil z rjavo vre\u010dico, v kateri je imel skrbno shranjeno sladko dobroto. No, od nekaterih \u010dokolad so do avtobusa ostali le \u0161e ovitki &#8230;<\/p>\n<p>Dobro razpolo\u017eeni smo se odpejali proti Loki, glavnemu mestu Slovenije za ta dan, tako nas je namre\u010d podu\u010dil redovnik minorit.<\/p>\nngg_shortcode_0_placeholder\n<p>&nbsp;<\/p>\n","protected":false},"excerpt":{"rendered":"<p>Nedale\u010d od na\u0161ega doma\u010dega kraja se nahaja Olimje, ki s svojimi znamenitostmi privablja \u0161tevilne obiskovalce. Tako smo se u\u010denci na\u0161e \u0161ole na prelep sredin dan, 2. 6. 2021, odpeljali na zaklju\u010dno ekskurzijo v ta \u010dudovit turisti\u010dni kraj. Najprej smo se seveda napotili k prijateljicam \u010darovnicam, kjer smo se prepustili pravlji\u010dni domi\u0161ljiji in neskon\u010dno u\u017eivali ob [&hellip;]<\/p>\n","protected":false},"author":5997,"featured_media":0,"comment_status":"closed","ping_status":"closed","sticky":false,"template":"","format":"standard","meta":{"_et_pb_use_builder":"","_et_pb_old_content":"","_et_gb_content_width":"","ngg_post_thumbnail":0,"footnotes":"","_expiration-date-status":"","_expiration-date":0,"_expiration-date-type":"","_expiration-date-categories":[],"_expiration-date-options":[]},"categories":[9,10],"tags":[],"class_list":["post-14584","post","type-post","status-publish","format-standard","hentry","category-aktualno","category-ps-loka","et-doesnt-have-format-content","et_post_format-et-post-format-standard"],"_links":{"self":[{"href":"https:\/\/www.os-slivnica.si\/index.php?rest_route=\/wp\/v2\/posts\/14584","targetHints":{"allow":["GET"]}}],"collection":[{"href":"https:\/\/www.os-slivnica.si\/index.php?rest_route=\/wp\/v2\/posts"}],"about":[{"href":"https:\/\/www.os-slivnica.si\/index.php?rest_route=\/wp\/v2\/types\/post"}],"author":[{"embeddable":true,"href":"https:\/\/www.os-slivnica.si\/index.php?rest_route=\/wp\/v2\/users\/5997"}],"replies":[{"embeddable":true,"href":"https:\/\/www.os-slivnica.si\/index.php?rest_route=%2Fwp%2Fv2%2Fcomments&post=14584"}],"version-history":[{"count":5,"href":"https:\/\/www.os-slivnica.si\/index.php?rest_route=\/wp\/v2\/posts\/14584\/revisions"}],"predecessor-version":[{"id":14599,"href":"https:\/\/www.os-slivnica.si\/index.php?rest_route=\/wp\/v2\/posts\/14584\/revisions\/14599"}],"wp:attachment":[{"href":"https:\/\/www.os-slivnica.si\/index.php?rest_route=%2Fwp%2Fv2%2Fmedia&parent=14584"}],"wp:term":[{"taxonomy":"category","embeddable":true,"href":"https:\/\/www.os-slivnica.si\/index.php?rest_route=%2Fwp%2Fv2%2Fcategories&post=14584"},{"taxonomy":"post_tag","embeddable":true,"href":"https:\/\/www.os-slivnica.si\/index.php?rest_route=%2Fwp%2Fv2%2Ftags&post=14584"}],"curies":[{"name":"wp","href":"https:\/\/api.w.org\/{rel}","templated":true}]}}