{"id":14516,"date":"2021-05-26T14:02:17","date_gmt":"2021-05-26T12:02:17","guid":{"rendered":"http:\/\/slivnica.splet.arnes.si\/?p=14516"},"modified":"2021-05-26T14:02:17","modified_gmt":"2021-05-26T12:02:17","slug":"med-pocitnicami-se-bo-prenavljala-sola","status":"publish","type":"post","link":"https:\/\/www.os-slivnica.si\/?p=14516","title":{"rendered":"Med po\u010ditnicami se bo prenavljala \u0161ola"},"content":{"rendered":"<p>Spo\u0161tovani star\u0161i!<\/p>\n<p>Z veseljem sporo\u010damo, da je Ob\u010dina \u0160entjur sprejela odlo\u010ditev, da se v letu 2021 izvede funkcionalna posodobitev prostorov na mati\u010dni \u0161oli v Gorici pri Slivnici. V ve\u010dnamenskem prostoru je \u00a0predvidena izvedba dodatne medeta\u017ee. S tem bo pridobljena knji\u017enica, dve u\u010dilnici, kabinet in raz\u0161irjena zbornica. Dodatno bo raz\u0161irjena tudi u\u010dilnica gospodinjskega pouka ter preurejena u\u010dilnica matematike. V okviru investicijsko-vzdr\u017eevalnih del bodo sanirani tlaki v nekaterih u\u010dilnicah, uredile se bodo sanitarije za u\u010dence predmetne stopnje in garderobe telovadnice. Ve\u010dino del bo opravljenih v \u010dasu poletnih po\u010ditnic, z nekaterimi se bo za\u010delo \u017ee prej.<\/p>\n<p><strong>V ponedeljek,\u00a0 31. 5. \u00a02021, se bodo za\u010dela dela v garderobah telovadnice, zato v juniju ne bo mogo\u010de izvajati pouka \u0161porta v telovadnici<\/strong>. Pouk bo potekal na zunanjem igri\u0161\u010du, \u00a0v primeru slabega vremena pa v u\u010dilnicah.<\/p>\n<p>Veselimo se prenovljene \u0161ole, do konca obnove pa prosimo za razumevanje.<\/p>\n<p>Ravnateljica Marjeta Ko\u0161ak<\/p>\n","protected":false},"excerpt":{"rendered":"<p>Spo\u0161tovani star\u0161i! Z veseljem sporo\u010damo, da je Ob\u010dina \u0160entjur sprejela odlo\u010ditev, da se v letu 2021 izvede funkcionalna posodobitev prostorov na mati\u010dni \u0161oli v Gorici pri Slivnici. V ve\u010dnamenskem prostoru je \u00a0predvidena izvedba dodatne medeta\u017ee. S tem bo pridobljena knji\u017enica, dve u\u010dilnici, kabinet in raz\u0161irjena zbornica. Dodatno bo raz\u0161irjena tudi u\u010dilnica gospodinjskega pouka ter preurejena [&hellip;]<\/p>\n","protected":false},"author":5705,"featured_media":0,"comment_status":"closed","ping_status":"closed","sticky":false,"template":"","format":"standard","meta":{"_et_pb_use_builder":"","_et_pb_old_content":"","_et_gb_content_width":"","ngg_post_thumbnail":0,"footnotes":"","_expiration-date-status":"","_expiration-date":0,"_expiration-date-type":"","_expiration-date-categories":[],"_expiration-date-options":[]},"categories":[9],"tags":[],"class_list":["post-14516","post","type-post","status-publish","format-standard","hentry","category-aktualno","et-doesnt-have-format-content","et_post_format-et-post-format-standard"],"_links":{"self":[{"href":"https:\/\/www.os-slivnica.si\/index.php?rest_route=\/wp\/v2\/posts\/14516","targetHints":{"allow":["GET"]}}],"collection":[{"href":"https:\/\/www.os-slivnica.si\/index.php?rest_route=\/wp\/v2\/posts"}],"about":[{"href":"https:\/\/www.os-slivnica.si\/index.php?rest_route=\/wp\/v2\/types\/post"}],"author":[{"embeddable":true,"href":"https:\/\/www.os-slivnica.si\/index.php?rest_route=\/wp\/v2\/users\/5705"}],"replies":[{"embeddable":true,"href":"https:\/\/www.os-slivnica.si\/index.php?rest_route=%2Fwp%2Fv2%2Fcomments&post=14516"}],"version-history":[{"count":1,"href":"https:\/\/www.os-slivnica.si\/index.php?rest_route=\/wp\/v2\/posts\/14516\/revisions"}],"predecessor-version":[{"id":14517,"href":"https:\/\/www.os-slivnica.si\/index.php?rest_route=\/wp\/v2\/posts\/14516\/revisions\/14517"}],"wp:attachment":[{"href":"https:\/\/www.os-slivnica.si\/index.php?rest_route=%2Fwp%2Fv2%2Fmedia&parent=14516"}],"wp:term":[{"taxonomy":"category","embeddable":true,"href":"https:\/\/www.os-slivnica.si\/index.php?rest_route=%2Fwp%2Fv2%2Fcategories&post=14516"},{"taxonomy":"post_tag","embeddable":true,"href":"https:\/\/www.os-slivnica.si\/index.php?rest_route=%2Fwp%2Fv2%2Ftags&post=14516"}],"curies":[{"name":"wp","href":"https:\/\/api.w.org\/{rel}","templated":true}]}}