{"id":14506,"date":"2021-05-23T22:07:49","date_gmt":"2021-05-23T20:07:49","guid":{"rendered":"http:\/\/slivnica.splet.arnes.si\/?p=14506"},"modified":"2021-05-23T22:07:49","modified_gmt":"2021-05-23T20:07:49","slug":"trajnostna-mobilnost-tudi-na-nasi-soli","status":"publish","type":"post","link":"https:\/\/www.os-slivnica.si\/?p=14506","title":{"rendered":"Trajnostna mobilnost tudi na na\u0161i \u0161oli"},"content":{"rendered":"<p>V <strong>projekt<\/strong>u <strong>Trajnostna mobilnost<\/strong> so sodelovali u\u010denci od 1. do 6. razreda. V tem \u010dasu smo u\u010diteljice bele\u017eile prihode u\u010dencev v \u0161olo. Ker nas je zanimal predvsem prihod u\u010dencev v \u0161olo na trajnostno-mobilen na\u010din, smo izvedli tedensko aktivnost <strong>Gremo pe\u0161 s koko\u0161ko Rozi<\/strong>.<\/p>\n<p>Vsako jutro smo u\u010diteljice po\u010dakale u\u010dence na avtobusni postaji, od koder smo se potem skupaj pe\u0161 odpravili v \u0161olo. Spodbujale smo prihod u\u010dencev pe\u0161, s \u0161olskim avtobusom in s kolesom. Za spodbudo so u\u010denci dobili kartico s koko\u0161ko Rozi.<\/p>\n<p>Aktivnost so si u\u010denci bele\u017eili v dnevnike, u\u010diteljice pa smo zbirale podatke na razrednem plakatu in na skupnem plakatu v avli \u0161ole.<\/p>\n<p>S pomo\u010djo star\u0161ev smo presegli zastavljeni cilj, saj smo iz <strong>za\u010detnih 45,5%<\/strong> prihodov <strong>dosegli 98,4%<\/strong> <strong>prihod<\/strong>ov <strong>v \u0161olo na trajnostno-mobilen na\u010din<\/strong>. S tem smo si prislu\u017eili <strong>zlato medaljo koko\u0161ke Rozi<\/strong>.<\/p>\n<p>Hvala vsem za pomo\u010d pri izvedbi. \u010ceprav smo s projektom zaklju\u010dili, si \u017eelimo, da bi u\u010denci \u010dim ve\u010dkrat v \u0161olo prihajali na trajnostno-mobilen na\u010din.<\/p>\n<p>U\u010diteljice od 1. do 6. razreda<\/p>\nngg_shortcode_0_placeholder\n","protected":false},"excerpt":{"rendered":"<p>V projektu Trajnostna mobilnost so sodelovali u\u010denci od 1. do 6. razreda. V tem \u010dasu smo u\u010diteljice bele\u017eile prihode u\u010dencev v \u0161olo. Ker nas je zanimal predvsem prihod u\u010dencev v \u0161olo na trajnostno-mobilen na\u010din, smo izvedli tedensko aktivnost Gremo pe\u0161 s koko\u0161ko Rozi. Vsako jutro smo u\u010diteljice po\u010dakale u\u010dence na avtobusni postaji, od koder smo [&hellip;]<\/p>\n","protected":false},"author":25171,"featured_media":0,"comment_status":"closed","ping_status":"closed","sticky":false,"template":"","format":"standard","meta":{"_et_pb_use_builder":"","_et_pb_old_content":"","_et_gb_content_width":"","ngg_post_thumbnail":0,"footnotes":"","_expiration-date-status":"","_expiration-date":0,"_expiration-date-type":"","_expiration-date-categories":[],"_expiration-date-options":[]},"categories":[9],"tags":[],"class_list":["post-14506","post","type-post","status-publish","format-standard","hentry","category-aktualno","et-doesnt-have-format-content","et_post_format-et-post-format-standard"],"_links":{"self":[{"href":"https:\/\/www.os-slivnica.si\/index.php?rest_route=\/wp\/v2\/posts\/14506","targetHints":{"allow":["GET"]}}],"collection":[{"href":"https:\/\/www.os-slivnica.si\/index.php?rest_route=\/wp\/v2\/posts"}],"about":[{"href":"https:\/\/www.os-slivnica.si\/index.php?rest_route=\/wp\/v2\/types\/post"}],"author":[{"embeddable":true,"href":"https:\/\/www.os-slivnica.si\/index.php?rest_route=\/wp\/v2\/users\/25171"}],"replies":[{"embeddable":true,"href":"https:\/\/www.os-slivnica.si\/index.php?rest_route=%2Fwp%2Fv2%2Fcomments&post=14506"}],"version-history":[{"count":1,"href":"https:\/\/www.os-slivnica.si\/index.php?rest_route=\/wp\/v2\/posts\/14506\/revisions"}],"predecessor-version":[{"id":14507,"href":"https:\/\/www.os-slivnica.si\/index.php?rest_route=\/wp\/v2\/posts\/14506\/revisions\/14507"}],"wp:attachment":[{"href":"https:\/\/www.os-slivnica.si\/index.php?rest_route=%2Fwp%2Fv2%2Fmedia&parent=14506"}],"wp:term":[{"taxonomy":"category","embeddable":true,"href":"https:\/\/www.os-slivnica.si\/index.php?rest_route=%2Fwp%2Fv2%2Fcategories&post=14506"},{"taxonomy":"post_tag","embeddable":true,"href":"https:\/\/www.os-slivnica.si\/index.php?rest_route=%2Fwp%2Fv2%2Ftags&post=14506"}],"curies":[{"name":"wp","href":"https:\/\/api.w.org\/{rel}","templated":true}]}}