{"id":14488,"date":"2021-05-15T08:22:20","date_gmt":"2021-05-15T06:22:20","guid":{"rendered":"http:\/\/slivnica.splet.arnes.si\/?p=14488"},"modified":"2021-05-15T08:24:43","modified_gmt":"2021-05-15T06:24:43","slug":"sportni-dan-atletika-loskih-solarjev","status":"publish","type":"post","link":"https:\/\/www.os-slivnica.si\/?p=14488","title":{"rendered":"Lo\u0161ki u\u010denci na \u0161portnem dnevu v Gorici"},"content":{"rendered":"<p style=\"text-align: center\"><a href=\"http:\/\/slivnica.splet.arnes.si\/files\/2021\/05\/atletika.jpg\"><img loading=\"lazy\" decoding=\"async\" class=\"alignnone size-full wp-image-14490\" src=\"http:\/\/slivnica.splet.arnes.si\/files\/2021\/05\/atletika.jpg\" alt=\"\" width=\"195\" height=\"139\" \/><\/a><\/p>\n<p>V \u010detrtek, 13. 5. 2021, so se u\u010denci P\u0160 Loka pri \u017dusmu kljub slabi vremenski napovedi optimisti\u010dno odpravili na \u0161portni dan v Gorico, kjer jih je pri\u010dakalo res \u010dudovito son\u010dno vreme. U\u010denci so se lahko brez te\u017eav pomerili v \u0161tirih atletskih disciplinah: skoku v daljino, metu vorteksa ter tekih na 60 in 600 metrov. Na koncu so se najprej \u0161e zaslu\u017eeno poigrali na \u0161olskem igri\u0161\u010du, nato pa se, ni\u010d kaj utrujeni in polni dobre volje, s \u0161olskim avtobusom vrnili nazaj v Loko.<\/p>\nngg_shortcode_0_placeholder\n","protected":false},"excerpt":{"rendered":"<p>V \u010detrtek, 13. 5. 2021, so se u\u010denci P\u0160 Loka pri \u017dusmu kljub slabi vremenski napovedi optimisti\u010dno odpravili na \u0161portni dan v Gorico, kjer jih je pri\u010dakalo res \u010dudovito son\u010dno vreme. U\u010denci so se lahko brez te\u017eav pomerili v \u0161tirih atletskih disciplinah: skoku v daljino, metu vorteksa ter tekih na 60 in 600 metrov. Na [&hellip;]<\/p>\n","protected":false},"author":6078,"featured_media":0,"comment_status":"closed","ping_status":"closed","sticky":false,"template":"","format":"standard","meta":{"_et_pb_use_builder":"","_et_pb_old_content":"","_et_gb_content_width":"","ngg_post_thumbnail":0,"footnotes":"","_expiration-date-status":"","_expiration-date":0,"_expiration-date-type":"","_expiration-date-categories":[],"_expiration-date-options":[]},"categories":[9,10],"tags":[],"class_list":["post-14488","post","type-post","status-publish","format-standard","hentry","category-aktualno","category-ps-loka","et-doesnt-have-format-content","et_post_format-et-post-format-standard"],"_links":{"self":[{"href":"https:\/\/www.os-slivnica.si\/index.php?rest_route=\/wp\/v2\/posts\/14488","targetHints":{"allow":["GET"]}}],"collection":[{"href":"https:\/\/www.os-slivnica.si\/index.php?rest_route=\/wp\/v2\/posts"}],"about":[{"href":"https:\/\/www.os-slivnica.si\/index.php?rest_route=\/wp\/v2\/types\/post"}],"author":[{"embeddable":true,"href":"https:\/\/www.os-slivnica.si\/index.php?rest_route=\/wp\/v2\/users\/6078"}],"replies":[{"embeddable":true,"href":"https:\/\/www.os-slivnica.si\/index.php?rest_route=%2Fwp%2Fv2%2Fcomments&post=14488"}],"version-history":[{"count":5,"href":"https:\/\/www.os-slivnica.si\/index.php?rest_route=\/wp\/v2\/posts\/14488\/revisions"}],"predecessor-version":[{"id":14494,"href":"https:\/\/www.os-slivnica.si\/index.php?rest_route=\/wp\/v2\/posts\/14488\/revisions\/14494"}],"wp:attachment":[{"href":"https:\/\/www.os-slivnica.si\/index.php?rest_route=%2Fwp%2Fv2%2Fmedia&parent=14488"}],"wp:term":[{"taxonomy":"category","embeddable":true,"href":"https:\/\/www.os-slivnica.si\/index.php?rest_route=%2Fwp%2Fv2%2Fcategories&post=14488"},{"taxonomy":"post_tag","embeddable":true,"href":"https:\/\/www.os-slivnica.si\/index.php?rest_route=%2Fwp%2Fv2%2Ftags&post=14488"}],"curies":[{"name":"wp","href":"https:\/\/api.w.org\/{rel}","templated":true}]}}