{"id":14477,"date":"2021-05-13T13:46:56","date_gmt":"2021-05-13T11:46:56","guid":{"rendered":"http:\/\/slivnica.splet.arnes.si\/?p=14477"},"modified":"2021-05-13T13:46:56","modified_gmt":"2021-05-13T11:46:56","slug":"prvosolci-in-drugosolci-ps-loka-pri-zusmu-postali-mladi-clani-rdecega-kriza","status":"publish","type":"post","link":"https:\/\/www.os-slivnica.si\/?p=14477","title":{"rendered":"Prvo\u0161olci in drugo\u0161olci P\u0160 Loka pri \u017dusmu postali mladi \u010dlani Rde\u010dega kri\u017ea"},"content":{"rendered":"<p data-wp-editing=\"1\"><a href=\"http:\/\/slivnica.splet.arnes.si\/files\/2021\/05\/IMG_6576-scaled.jpg\"><img loading=\"lazy\" decoding=\"async\" class=\" wp-image-14480 aligncenter\" src=\"http:\/\/slivnica.splet.arnes.si\/files\/2021\/05\/IMG_6576-300x225.jpg\" alt=\"\" width=\"192\" height=\"144\" \/><\/a><\/p>\n<p>V \u010detrtek, 13. 5. 2021, so prvo\u0161olce in drugo\u0161olce P\u0160 Loka pri \u017dusmu starej\u0161i u\u010denci s petjem, plesom in deklamacijami popeljali med mlade \u010dlane Rde\u010dega kri\u017ea. Vsak izmed njih je prejel darilce, na koncu pa \u0161e sladko presene\u010denje.<\/p>\nngg_shortcode_0_placeholder\n<p>&nbsp;<\/p>\n","protected":false},"excerpt":{"rendered":"<p>V \u010detrtek, 13. 5. 2021, so prvo\u0161olce in drugo\u0161olce P\u0160 Loka pri \u017dusmu starej\u0161i u\u010denci s petjem, plesom in deklamacijami popeljali med mlade \u010dlane Rde\u010dega kri\u017ea. Vsak izmed njih je prejel darilce, na koncu pa \u0161e sladko presene\u010denje. &nbsp;<\/p>\n","protected":false},"author":6078,"featured_media":0,"comment_status":"closed","ping_status":"closed","sticky":false,"template":"","format":"standard","meta":{"_et_pb_use_builder":"","_et_pb_old_content":"","_et_gb_content_width":"","ngg_post_thumbnail":0,"footnotes":"","_expiration-date-status":"","_expiration-date":0,"_expiration-date-type":"","_expiration-date-categories":[],"_expiration-date-options":[]},"categories":[9,10],"tags":[],"class_list":["post-14477","post","type-post","status-publish","format-standard","hentry","category-aktualno","category-ps-loka","et-doesnt-have-format-content","et_post_format-et-post-format-standard"],"_links":{"self":[{"href":"https:\/\/www.os-slivnica.si\/index.php?rest_route=\/wp\/v2\/posts\/14477","targetHints":{"allow":["GET"]}}],"collection":[{"href":"https:\/\/www.os-slivnica.si\/index.php?rest_route=\/wp\/v2\/posts"}],"about":[{"href":"https:\/\/www.os-slivnica.si\/index.php?rest_route=\/wp\/v2\/types\/post"}],"author":[{"embeddable":true,"href":"https:\/\/www.os-slivnica.si\/index.php?rest_route=\/wp\/v2\/users\/6078"}],"replies":[{"embeddable":true,"href":"https:\/\/www.os-slivnica.si\/index.php?rest_route=%2Fwp%2Fv2%2Fcomments&post=14477"}],"version-history":[{"count":7,"href":"https:\/\/www.os-slivnica.si\/index.php?rest_route=\/wp\/v2\/posts\/14477\/revisions"}],"predecessor-version":[{"id":14486,"href":"https:\/\/www.os-slivnica.si\/index.php?rest_route=\/wp\/v2\/posts\/14477\/revisions\/14486"}],"wp:attachment":[{"href":"https:\/\/www.os-slivnica.si\/index.php?rest_route=%2Fwp%2Fv2%2Fmedia&parent=14477"}],"wp:term":[{"taxonomy":"category","embeddable":true,"href":"https:\/\/www.os-slivnica.si\/index.php?rest_route=%2Fwp%2Fv2%2Fcategories&post=14477"},{"taxonomy":"post_tag","embeddable":true,"href":"https:\/\/www.os-slivnica.si\/index.php?rest_route=%2Fwp%2Fv2%2Ftags&post=14477"}],"curies":[{"name":"wp","href":"https:\/\/api.w.org\/{rel}","templated":true}]}}