{"id":14472,"date":"2021-05-12T20:36:02","date_gmt":"2021-05-12T18:36:02","guid":{"rendered":"http:\/\/slivnica.splet.arnes.si\/?p=14472"},"modified":"2021-05-12T20:37:11","modified_gmt":"2021-05-12T18:37:11","slug":"prevorjani-postali-mladi-clani-rdecega-kriza","status":"publish","type":"post","link":"https:\/\/www.os-slivnica.si\/?p=14472","title":{"rendered":"Prevorjani postali mladi \u010dlani Rde\u010dega kri\u017ea"},"content":{"rendered":"<p><img loading=\"lazy\" decoding=\"async\" class=\"n3VNCb aligncenter\" src=\"https:\/\/www.dol.si\/assets\/news\/0757509001585339300.jpg\" alt=\"Ob\u010dina Dol pri Ljubljani - Nujna oskrba na domu \u2013 Rde\u010di kri\u017e\" width=\"211\" height=\"158\" data-noaft=\"1\" \/>V <strong>tednu <span style=\"color: #ff0000\">Rde\u010dega kri\u017ea<\/span><\/strong> so <strong>prvo\u0161olka Sara<\/strong> in d<strong>rugo\u0161olci Nika, Tinkara, Ajda, Viktorija ter \u017dan<\/strong> postali <strong>mladi \u010dlani <span style=\"color: #ff0000\">Rde\u010dega kri\u017ea.<\/span><\/strong> V svoje vrste so jih <strong>s kraj\u0161im kulturnim programom <\/strong>sprejeli u\u010denci vi\u0161jih razredov. Vsak mladi \u010dlan je prejel tudi <strong>simbolno darilce, <\/strong>na koncu pa je sledil \u0161e <strong>posladek s torto<\/strong>. Mladi \u010dlani Rde\u010dega kri\u017ea <strong>so obljubili, da bodo vestno sledili ciljem Rde\u010dega kri\u017ea.<\/strong><\/p>\nngg_shortcode_0_placeholder\n","protected":false},"excerpt":{"rendered":"<p>V tednu Rde\u010dega kri\u017ea so prvo\u0161olka Sara in drugo\u0161olci Nika, Tinkara, Ajda, Viktorija ter \u017dan postali mladi \u010dlani Rde\u010dega kri\u017ea. V svoje vrste so jih s kraj\u0161im kulturnim programom sprejeli u\u010denci vi\u0161jih razredov. Vsak mladi \u010dlan je prejel tudi simbolno darilce, na koncu pa je sledil \u0161e posladek s torto. Mladi \u010dlani Rde\u010dega kri\u017ea so [&hellip;]<\/p>\n","protected":false},"author":6009,"featured_media":0,"comment_status":"closed","ping_status":"closed","sticky":false,"template":"","format":"standard","meta":{"_et_pb_use_builder":"","_et_pb_old_content":"","_et_gb_content_width":"","ngg_post_thumbnail":0,"footnotes":"","_expiration-date-status":"","_expiration-date":0,"_expiration-date-type":"","_expiration-date-categories":[],"_expiration-date-options":[]},"categories":[9,11],"tags":[],"class_list":["post-14472","post","type-post","status-publish","format-standard","hentry","category-aktualno","category-ps-prevorje","et-doesnt-have-format-content","et_post_format-et-post-format-standard"],"_links":{"self":[{"href":"https:\/\/www.os-slivnica.si\/index.php?rest_route=\/wp\/v2\/posts\/14472","targetHints":{"allow":["GET"]}}],"collection":[{"href":"https:\/\/www.os-slivnica.si\/index.php?rest_route=\/wp\/v2\/posts"}],"about":[{"href":"https:\/\/www.os-slivnica.si\/index.php?rest_route=\/wp\/v2\/types\/post"}],"author":[{"embeddable":true,"href":"https:\/\/www.os-slivnica.si\/index.php?rest_route=\/wp\/v2\/users\/6009"}],"replies":[{"embeddable":true,"href":"https:\/\/www.os-slivnica.si\/index.php?rest_route=%2Fwp%2Fv2%2Fcomments&post=14472"}],"version-history":[{"count":3,"href":"https:\/\/www.os-slivnica.si\/index.php?rest_route=\/wp\/v2\/posts\/14472\/revisions"}],"predecessor-version":[{"id":14475,"href":"https:\/\/www.os-slivnica.si\/index.php?rest_route=\/wp\/v2\/posts\/14472\/revisions\/14475"}],"wp:attachment":[{"href":"https:\/\/www.os-slivnica.si\/index.php?rest_route=%2Fwp%2Fv2%2Fmedia&parent=14472"}],"wp:term":[{"taxonomy":"category","embeddable":true,"href":"https:\/\/www.os-slivnica.si\/index.php?rest_route=%2Fwp%2Fv2%2Fcategories&post=14472"},{"taxonomy":"post_tag","embeddable":true,"href":"https:\/\/www.os-slivnica.si\/index.php?rest_route=%2Fwp%2Fv2%2Ftags&post=14472"}],"curies":[{"name":"wp","href":"https:\/\/api.w.org\/{rel}","templated":true}]}}