{"id":14419,"date":"2021-05-06T08:19:30","date_gmt":"2021-05-06T06:19:30","guid":{"rendered":"http:\/\/slivnica.splet.arnes.si\/?p=14419"},"modified":"2021-05-06T08:19:30","modified_gmt":"2021-05-06T06:19:30","slug":"gremo-pes","status":"publish","type":"post","link":"https:\/\/www.os-slivnica.si\/?p=14419","title":{"rendered":"Gremo pe\u0161"},"content":{"rendered":"<p>Na\u0161a \u0161ola sodeluje v projektu Trajnostna mobilnost. V tem projektu sodelujejo u\u010denci od 1. do 6. razreda. Projekt zajema razli\u010dne aktivnosti. Ena izmed njih je tudi enotedenska aktivnost Gremo pe\u0161 s koko\u0161ko Rozi. Le-ta zajema prihajanje v \u0161olo na trajnosten na\u010din (pe\u0161, z avtobusom \u2013 1. \u2013 6. razred; s kolesom, s skirojem \u2013 6. razred).<\/p>\n<p>Cilj projekta je prihajanje u\u010dencev v \u0161olo na trajnosten na\u010din, zato vas, spo\u0161tovani star\u0161i, prosimo za sodelovanje.<\/p>\n<p>Z aktivnostjo za\u010dnemo <strong>v petek, 7. 5. 2021, in zaklju\u010dimo v \u010detrtek, 13. 5. 2021. <\/strong><\/p>\n<p>Vse star\u0161e, ki vozite svoje otroke do \u0161ole prosimo, da jih odlo\u017eite na avtobusni postaji v Gorici (spodnja postaja), <strong>med 7.15 in 7.30<\/strong>. Vsako jutro, to\u010dno v tem \u010dasu, bodo na postaji \u010dakale u\u010diteljice, ki bodo otroke sprejele in jih pe\u0161 pospremile v \u0161olo.<\/p>\n<p>U\u010denci, ki obi\u010dajno prihajajo v \u0161olo pe\u0161, pridejo v \u0161olo kot po navadi.<\/p>\n<p>U\u010denci, ki pridejo v \u0161olo s \u0161olskim avtobusom, pridejo v \u0161olo kot obi\u010dajno.<\/p>\n<p>U\u010denci, ki se bodo pripeljali s kolesom ali skirojem (6. razred), poskrbijo za varno vo\u017enjo in pustijo kolesa pred \u0161olo na prostoru, namenjenemu za kolesa.<\/p>\n<p>U\u010denci bodo za vsakodnevni prihod v \u0161olo na trajnosten na\u010din nagrajeni s <strong>kartico koko\u0161ke Rozi<\/strong>.<\/p>\n<p>\u017de v naprej se vam zahvaljujemo za pomo\u010d.<\/p>\nngg_shortcode_0_placeholder\n<p>&nbsp;<\/p>\n<p>U\u010diteljice od 1. do 6. razreda<\/p>\n","protected":false},"excerpt":{"rendered":"<p>Na\u0161a \u0161ola sodeluje v projektu Trajnostna mobilnost. V tem projektu sodelujejo u\u010denci od 1. do 6. razreda. Projekt zajema razli\u010dne aktivnosti. Ena izmed njih je tudi enotedenska aktivnost Gremo pe\u0161 s koko\u0161ko Rozi. Le-ta zajema prihajanje v \u0161olo na trajnosten na\u010din (pe\u0161, z avtobusom \u2013 1. \u2013 6. razred; s kolesom, s skirojem \u2013 6. [&hellip;]<\/p>\n","protected":false},"author":25171,"featured_media":0,"comment_status":"closed","ping_status":"closed","sticky":false,"template":"","format":"standard","meta":{"_et_pb_use_builder":"","_et_pb_old_content":"","_et_gb_content_width":"","ngg_post_thumbnail":0,"footnotes":"","_expiration-date-status":"","_expiration-date":0,"_expiration-date-type":"","_expiration-date-categories":[],"_expiration-date-options":[]},"categories":[9],"tags":[],"class_list":["post-14419","post","type-post","status-publish","format-standard","hentry","category-aktualno","et-doesnt-have-format-content","et_post_format-et-post-format-standard"],"_links":{"self":[{"href":"https:\/\/www.os-slivnica.si\/index.php?rest_route=\/wp\/v2\/posts\/14419","targetHints":{"allow":["GET"]}}],"collection":[{"href":"https:\/\/www.os-slivnica.si\/index.php?rest_route=\/wp\/v2\/posts"}],"about":[{"href":"https:\/\/www.os-slivnica.si\/index.php?rest_route=\/wp\/v2\/types\/post"}],"author":[{"embeddable":true,"href":"https:\/\/www.os-slivnica.si\/index.php?rest_route=\/wp\/v2\/users\/25171"}],"replies":[{"embeddable":true,"href":"https:\/\/www.os-slivnica.si\/index.php?rest_route=%2Fwp%2Fv2%2Fcomments&post=14419"}],"version-history":[{"count":1,"href":"https:\/\/www.os-slivnica.si\/index.php?rest_route=\/wp\/v2\/posts\/14419\/revisions"}],"predecessor-version":[{"id":14420,"href":"https:\/\/www.os-slivnica.si\/index.php?rest_route=\/wp\/v2\/posts\/14419\/revisions\/14420"}],"wp:attachment":[{"href":"https:\/\/www.os-slivnica.si\/index.php?rest_route=%2Fwp%2Fv2%2Fmedia&parent=14419"}],"wp:term":[{"taxonomy":"category","embeddable":true,"href":"https:\/\/www.os-slivnica.si\/index.php?rest_route=%2Fwp%2Fv2%2Fcategories&post=14419"},{"taxonomy":"post_tag","embeddable":true,"href":"https:\/\/www.os-slivnica.si\/index.php?rest_route=%2Fwp%2Fv2%2Ftags&post=14419"}],"curies":[{"name":"wp","href":"https:\/\/api.w.org\/{rel}","templated":true}]}}