{"id":14395,"date":"2021-04-26T11:04:41","date_gmt":"2021-04-26T09:04:41","guid":{"rendered":"http:\/\/slivnica.splet.arnes.si\/?p=14395"},"modified":"2021-04-26T11:04:41","modified_gmt":"2021-04-26T09:04:41","slug":"tek-podnebne-solidarnosti-na-prevorju","status":"publish","type":"post","link":"https:\/\/www.os-slivnica.si\/?p=14395","title":{"rendered":"Tek podnebne solidarnosti na Prevorju"},"content":{"rendered":"<p><img loading=\"lazy\" decoding=\"async\" class=\"n3VNCb aligncenter\" src=\"http:\/\/www.ospodgorje.si\/OSPodgorje\/aktualno-106-P1.jpg\" alt=\"Tek podnebne solidarnosti | O\u0160 Podgorje pri Slovenj Gradcu\" width=\"173\" height=\"198\" data-noaft=\"1\" \/><\/p>\n<p style=\"text-align: left\">Da je <strong>prihodnost v na\u0161ih rokah,<\/strong> se zavedamo tudi na Prevorju. Tako kot \u017ee vrsto let do sedaj, smo tudi letos ob <strong>svetovnem dnevu Zemlje<\/strong>, izvedli &#8220;<strong>Tek podnebne solidarnosti&#8221;<\/strong>, v okviru katerega <strong>otroci te\u010dejo v solidarnosti do ljudi v revnej\u0161ih dr\u017eavah, <\/strong>predvsem v Afriki, ki jih posledice podnebnih sprememb najbolj prizadenejo. S prete\u010denimi kilometri gradimo <strong>\u017ee deseti \u00bbKrog<\/strong> <strong>solidarnosti<\/strong> <strong>okoli planeta Zemlje.\u00ab<\/strong><\/p>\n<p style=\"text-align: center\">ngg_shortcode_0_placeholder<\/p>\n<p>&nbsp;<\/p>\n","protected":false},"excerpt":{"rendered":"<p>Da je prihodnost v na\u0161ih rokah, se zavedamo tudi na Prevorju. Tako kot \u017ee vrsto let do sedaj, smo tudi letos ob svetovnem dnevu Zemlje, izvedli &#8220;Tek podnebne solidarnosti&#8221;, v okviru katerega otroci te\u010dejo v solidarnosti do ljudi v revnej\u0161ih dr\u017eavah, predvsem v Afriki, ki jih posledice podnebnih sprememb najbolj prizadenejo. S prete\u010denimi kilometri gradimo [&hellip;]<\/p>\n","protected":false},"author":6009,"featured_media":0,"comment_status":"closed","ping_status":"closed","sticky":false,"template":"","format":"standard","meta":{"_et_pb_use_builder":"","_et_pb_old_content":"","_et_gb_content_width":"","ngg_post_thumbnail":0,"footnotes":"","_expiration-date-status":"","_expiration-date":0,"_expiration-date-type":"","_expiration-date-categories":[],"_expiration-date-options":[]},"categories":[9,11],"tags":[],"class_list":["post-14395","post","type-post","status-publish","format-standard","hentry","category-aktualno","category-ps-prevorje","et-doesnt-have-format-content","et_post_format-et-post-format-standard"],"_links":{"self":[{"href":"https:\/\/www.os-slivnica.si\/index.php?rest_route=\/wp\/v2\/posts\/14395","targetHints":{"allow":["GET"]}}],"collection":[{"href":"https:\/\/www.os-slivnica.si\/index.php?rest_route=\/wp\/v2\/posts"}],"about":[{"href":"https:\/\/www.os-slivnica.si\/index.php?rest_route=\/wp\/v2\/types\/post"}],"author":[{"embeddable":true,"href":"https:\/\/www.os-slivnica.si\/index.php?rest_route=\/wp\/v2\/users\/6009"}],"replies":[{"embeddable":true,"href":"https:\/\/www.os-slivnica.si\/index.php?rest_route=%2Fwp%2Fv2%2Fcomments&post=14395"}],"version-history":[{"count":1,"href":"https:\/\/www.os-slivnica.si\/index.php?rest_route=\/wp\/v2\/posts\/14395\/revisions"}],"predecessor-version":[{"id":14396,"href":"https:\/\/www.os-slivnica.si\/index.php?rest_route=\/wp\/v2\/posts\/14395\/revisions\/14396"}],"wp:attachment":[{"href":"https:\/\/www.os-slivnica.si\/index.php?rest_route=%2Fwp%2Fv2%2Fmedia&parent=14395"}],"wp:term":[{"taxonomy":"category","embeddable":true,"href":"https:\/\/www.os-slivnica.si\/index.php?rest_route=%2Fwp%2Fv2%2Fcategories&post=14395"},{"taxonomy":"post_tag","embeddable":true,"href":"https:\/\/www.os-slivnica.si\/index.php?rest_route=%2Fwp%2Fv2%2Ftags&post=14395"}],"curies":[{"name":"wp","href":"https:\/\/api.w.org\/{rel}","templated":true}]}}