{"id":14381,"date":"2021-04-23T13:23:57","date_gmt":"2021-04-23T11:23:57","guid":{"rendered":"http:\/\/slivnica.splet.arnes.si\/?p=14381"},"modified":"2021-04-23T13:23:57","modified_gmt":"2021-04-23T11:23:57","slug":"svetovni-dan-zemlje-v-loki","status":"publish","type":"post","link":"https:\/\/www.os-slivnica.si\/?p=14381","title":{"rendered":"Svetovni dan Zemlje v Loki"},"content":{"rendered":"<p>Mesec april je mesec, posve\u010den na\u0161emu planetu\u00a0 &#8211; Zemlja. Tudi na podru\u017enici Loka pri \u017dusmu smo pripomogli k varovanju okolja. Prej\u0161nji teden smo okrog \u0161ole in v njeni okolici pobrali odpadke in jih na koncu tudi ustrezno lo\u010dili. V\u010deraj, 22. aprila 2021, pa smo ob poslu\u0161anje zgodbe najprej obele\u017eili svetovni dan Zemlje, nato pa smo narisali, na kak\u0161en na\u010din lahko mi varujemo na\u0161 planet. Ob zaklju\u010dku dana\u0161njega dne smo pri vrtnarskem kro\u017eku na na\u0161 vrti\u010dek posejali in posadili najrazli\u010dnej\u0161o zelenjavo, katere rast bomo do konca \u0161olskega leta skrbno spremljali.<\/p>\nngg_shortcode_0_placeholder\n","protected":false},"excerpt":{"rendered":"<p>Mesec april je mesec, posve\u010den na\u0161emu planetu\u00a0 &#8211; Zemlja. Tudi na podru\u017enici Loka pri \u017dusmu smo pripomogli k varovanju okolja. Prej\u0161nji teden smo okrog \u0161ole in v njeni okolici pobrali odpadke in jih na koncu tudi ustrezno lo\u010dili. V\u010deraj, 22. aprila 2021, pa smo ob poslu\u0161anje zgodbe najprej obele\u017eili svetovni dan Zemlje, nato pa smo [&hellip;]<\/p>\n","protected":false},"author":6078,"featured_media":0,"comment_status":"closed","ping_status":"closed","sticky":false,"template":"","format":"standard","meta":{"_et_pb_use_builder":"","_et_pb_old_content":"","_et_gb_content_width":"","ngg_post_thumbnail":0,"footnotes":"","_expiration-date-status":"","_expiration-date":0,"_expiration-date-type":"","_expiration-date-categories":[],"_expiration-date-options":[]},"categories":[9,10],"tags":[],"class_list":["post-14381","post","type-post","status-publish","format-standard","hentry","category-aktualno","category-ps-loka","et-doesnt-have-format-content","et_post_format-et-post-format-standard"],"_links":{"self":[{"href":"https:\/\/www.os-slivnica.si\/index.php?rest_route=\/wp\/v2\/posts\/14381","targetHints":{"allow":["GET"]}}],"collection":[{"href":"https:\/\/www.os-slivnica.si\/index.php?rest_route=\/wp\/v2\/posts"}],"about":[{"href":"https:\/\/www.os-slivnica.si\/index.php?rest_route=\/wp\/v2\/types\/post"}],"author":[{"embeddable":true,"href":"https:\/\/www.os-slivnica.si\/index.php?rest_route=\/wp\/v2\/users\/6078"}],"replies":[{"embeddable":true,"href":"https:\/\/www.os-slivnica.si\/index.php?rest_route=%2Fwp%2Fv2%2Fcomments&post=14381"}],"version-history":[{"count":3,"href":"https:\/\/www.os-slivnica.si\/index.php?rest_route=\/wp\/v2\/posts\/14381\/revisions"}],"predecessor-version":[{"id":14385,"href":"https:\/\/www.os-slivnica.si\/index.php?rest_route=\/wp\/v2\/posts\/14381\/revisions\/14385"}],"wp:attachment":[{"href":"https:\/\/www.os-slivnica.si\/index.php?rest_route=%2Fwp%2Fv2%2Fmedia&parent=14381"}],"wp:term":[{"taxonomy":"category","embeddable":true,"href":"https:\/\/www.os-slivnica.si\/index.php?rest_route=%2Fwp%2Fv2%2Fcategories&post=14381"},{"taxonomy":"post_tag","embeddable":true,"href":"https:\/\/www.os-slivnica.si\/index.php?rest_route=%2Fwp%2Fv2%2Ftags&post=14381"}],"curies":[{"name":"wp","href":"https:\/\/api.w.org\/{rel}","templated":true}]}}