{"id":14374,"date":"2021-04-22T21:02:47","date_gmt":"2021-04-22T19:02:47","guid":{"rendered":"http:\/\/slivnica.splet.arnes.si\/?p=14374"},"modified":"2021-04-22T21:03:26","modified_gmt":"2021-04-22T19:03:26","slug":"svoboden-kot-ptica","status":"publish","type":"post","link":"https:\/\/www.os-slivnica.si\/?p=14374","title":{"rendered":"Svoboden kot ptica"},"content":{"rendered":"<p>Dragi u\u010denci, star\u0161i ter u\u010diteljice in u\u010ditelji!<\/p>\n<p>Pred vrati sta dva pomembna praznika, ki sta zaznamovala tako tok slovenske kot svetovne zgodovine. 27. aprila v Sloveniji praznujemo dan boja proti okupatorju, medtem ko je 1. maj svetovni praznik dela.<\/p>\n<p><strong>&#8220;Svoboda je najve\u010dja in najsvetlej\u0161a vrednota slovenskega naroda.\u201d<\/strong><\/p>\n<p>O svobodi so razmi\u0161ljali tudi na\u0161i u\u010denci, kako, si oglejte na povezavi: <a href=\"https:\/\/youtu.be\/jG5mdmBRqpQ\">SVOBODEN KOT PTICA.<\/a><\/p>\n","protected":false},"excerpt":{"rendered":"<p>Dragi u\u010denci, star\u0161i ter u\u010diteljice in u\u010ditelji! Pred vrati sta dva pomembna praznika, ki sta zaznamovala tako tok slovenske kot svetovne zgodovine. 27. aprila v Sloveniji praznujemo dan boja proti okupatorju, medtem ko je 1. maj svetovni praznik dela. &#8220;Svoboda je najve\u010dja in najsvetlej\u0161a vrednota slovenskega naroda.\u201d O svobodi so razmi\u0161ljali tudi na\u0161i u\u010denci, kako, [&hellip;]<\/p>\n","protected":false},"author":25171,"featured_media":0,"comment_status":"closed","ping_status":"closed","sticky":false,"template":"","format":"standard","meta":{"_et_pb_use_builder":"","_et_pb_old_content":"","_et_gb_content_width":"","ngg_post_thumbnail":0,"footnotes":"","_expiration-date-status":"","_expiration-date":0,"_expiration-date-type":"","_expiration-date-categories":[],"_expiration-date-options":[]},"categories":[9],"tags":[],"class_list":["post-14374","post","type-post","status-publish","format-standard","hentry","category-aktualno","et-doesnt-have-format-content","et_post_format-et-post-format-standard"],"_links":{"self":[{"href":"https:\/\/www.os-slivnica.si\/index.php?rest_route=\/wp\/v2\/posts\/14374","targetHints":{"allow":["GET"]}}],"collection":[{"href":"https:\/\/www.os-slivnica.si\/index.php?rest_route=\/wp\/v2\/posts"}],"about":[{"href":"https:\/\/www.os-slivnica.si\/index.php?rest_route=\/wp\/v2\/types\/post"}],"author":[{"embeddable":true,"href":"https:\/\/www.os-slivnica.si\/index.php?rest_route=\/wp\/v2\/users\/25171"}],"replies":[{"embeddable":true,"href":"https:\/\/www.os-slivnica.si\/index.php?rest_route=%2Fwp%2Fv2%2Fcomments&post=14374"}],"version-history":[{"count":6,"href":"https:\/\/www.os-slivnica.si\/index.php?rest_route=\/wp\/v2\/posts\/14374\/revisions"}],"predecessor-version":[{"id":14380,"href":"https:\/\/www.os-slivnica.si\/index.php?rest_route=\/wp\/v2\/posts\/14374\/revisions\/14380"}],"wp:attachment":[{"href":"https:\/\/www.os-slivnica.si\/index.php?rest_route=%2Fwp%2Fv2%2Fmedia&parent=14374"}],"wp:term":[{"taxonomy":"category","embeddable":true,"href":"https:\/\/www.os-slivnica.si\/index.php?rest_route=%2Fwp%2Fv2%2Fcategories&post=14374"},{"taxonomy":"post_tag","embeddable":true,"href":"https:\/\/www.os-slivnica.si\/index.php?rest_route=%2Fwp%2Fv2%2Ftags&post=14374"}],"curies":[{"name":"wp","href":"https:\/\/api.w.org\/{rel}","templated":true}]}}