{"id":14371,"date":"2021-04-22T15:57:25","date_gmt":"2021-04-22T13:57:25","guid":{"rendered":"http:\/\/slivnica.splet.arnes.si\/?p=14371"},"modified":"2021-04-22T15:57:25","modified_gmt":"2021-04-22T13:57:25","slug":"kulturno-za-zemljo-4-razred-iz-gorice","status":"publish","type":"post","link":"https:\/\/www.os-slivnica.si\/?p=14371","title":{"rendered":"Kulturno za Zemljo &#8211; 4. razred iz Gorice"},"content":{"rendered":"<p><span data-contrast=\"auto\">Svetovni dan Zemlje so obele\u017eili tudi u\u010denci 4. razreda. V za\u010detku aprila so doma izvedli kulturni dan. Najprej so si ogledali fotografije, na katerih so opazovali onesna\u017eenost Zemlje, vpliv onesna\u017eenosti na \u017eivali ter druge posledice, ki jih le-ta prinese. Razmi\u0161ljali so o ravnanju ljudi, o tem, kaj s svojimi dejanji po\u010dnemo vsem \u017eivim bitjem. Zemlji so pisali pisma, pesnili, zapisali svoja razmi\u0161ljanja. Podali so se po okolici svojega doma in pobrali smeti. Poskrbeli so, da bo Zemlja ob svojem prazniku lep\u0161a. Za zaklju\u010dek so od veselja \u0161e zaplesali.<\/span><span data-ccp-props=\"{&quot;201341983&quot;:0,&quot;335551550&quot;:1,&quot;335551620&quot;:1,&quot;335559739&quot;:160,&quot;335559740&quot;:240}\">\u00a0<\/span><\/p>\n<p><span data-contrast=\"auto\">Utrinke s kulturnega dne si lahko ogledate v filmu na spodnji povezavi. Pri literarnih besedilih pa posnetek le ustavite in v miru preberite, kaj so napisali.\u00a0<\/span><span data-ccp-props=\"{&quot;201341983&quot;:0,&quot;335551550&quot;:1,&quot;335551620&quot;:1,&quot;335559739&quot;:160,&quot;335559740&quot;:240}\">\u00a0<\/span><\/p>\n<p><span data-contrast=\"auto\">Menim, da si zaslu\u017eijo velik aplavz.<\/span><span data-ccp-props=\"{&quot;201341983&quot;:0,&quot;335551550&quot;:1,&quot;335551620&quot;:1,&quot;335559739&quot;:160,&quot;335559740&quot;:240}\">\u00a0<\/span><\/p>\n<p><span data-contrast=\"auto\">\u00a0 \u00a0 \u00a0 \u00a0 \u00a0 \u00a0 \u00a0 \u00a0 \u00a0 \u00a0 \u00a0 \u00a0 \u00a0 \u00a0 \u00a0 \u00a0 \u00a0 \u00a0 \u00a0 \u00a0 \u00a0 \u00a0 \u00a0 \u00a0 \u00a0 \u00a0 \u00a0 \u00a0 razredni\u010darka Renata\u00a0<\/span><span data-ccp-props=\"{&quot;201341983&quot;:0,&quot;335551550&quot;:1,&quot;335551620&quot;:1,&quot;335559739&quot;:160,&quot;335559740&quot;:240}\">\u00a0<\/span><\/p>\n<p><a href=\"https:\/\/www.youtube.com\/watch?v=TaY8W4rrf6Y\">https:\/\/www.youtube.com\/watch?v=TaY8W4rrf6Y<\/a><\/p>\n","protected":false},"excerpt":{"rendered":"<p>Svetovni dan Zemlje so obele\u017eili tudi u\u010denci 4. razreda. V za\u010detku aprila so doma izvedli kulturni dan. Najprej so si ogledali fotografije, na katerih so opazovali onesna\u017eenost Zemlje, vpliv onesna\u017eenosti na \u017eivali ter druge posledice, ki jih le-ta prinese. Razmi\u0161ljali so o ravnanju ljudi, o tem, kaj s svojimi dejanji po\u010dnemo vsem \u017eivim bitjem. Zemlji [&hellip;]<\/p>\n","protected":false},"author":6074,"featured_media":0,"comment_status":"closed","ping_status":"closed","sticky":false,"template":"","format":"standard","meta":{"_et_pb_use_builder":"","_et_pb_old_content":"","_et_gb_content_width":"","ngg_post_thumbnail":0,"footnotes":"","_expiration-date-status":"","_expiration-date":0,"_expiration-date-type":"","_expiration-date-categories":[],"_expiration-date-options":[]},"categories":[9],"tags":[],"class_list":["post-14371","post","type-post","status-publish","format-standard","hentry","category-aktualno","et-doesnt-have-format-content","et_post_format-et-post-format-standard"],"_links":{"self":[{"href":"https:\/\/www.os-slivnica.si\/index.php?rest_route=\/wp\/v2\/posts\/14371","targetHints":{"allow":["GET"]}}],"collection":[{"href":"https:\/\/www.os-slivnica.si\/index.php?rest_route=\/wp\/v2\/posts"}],"about":[{"href":"https:\/\/www.os-slivnica.si\/index.php?rest_route=\/wp\/v2\/types\/post"}],"author":[{"embeddable":true,"href":"https:\/\/www.os-slivnica.si\/index.php?rest_route=\/wp\/v2\/users\/6074"}],"replies":[{"embeddable":true,"href":"https:\/\/www.os-slivnica.si\/index.php?rest_route=%2Fwp%2Fv2%2Fcomments&post=14371"}],"version-history":[{"count":1,"href":"https:\/\/www.os-slivnica.si\/index.php?rest_route=\/wp\/v2\/posts\/14371\/revisions"}],"predecessor-version":[{"id":14372,"href":"https:\/\/www.os-slivnica.si\/index.php?rest_route=\/wp\/v2\/posts\/14371\/revisions\/14372"}],"wp:attachment":[{"href":"https:\/\/www.os-slivnica.si\/index.php?rest_route=%2Fwp%2Fv2%2Fmedia&parent=14371"}],"wp:term":[{"taxonomy":"category","embeddable":true,"href":"https:\/\/www.os-slivnica.si\/index.php?rest_route=%2Fwp%2Fv2%2Fcategories&post=14371"},{"taxonomy":"post_tag","embeddable":true,"href":"https:\/\/www.os-slivnica.si\/index.php?rest_route=%2Fwp%2Fv2%2Ftags&post=14371"}],"curies":[{"name":"wp","href":"https:\/\/api.w.org\/{rel}","templated":true}]}}