{"id":14366,"date":"2021-04-22T08:00:59","date_gmt":"2021-04-22T06:00:59","guid":{"rendered":"http:\/\/slivnica.splet.arnes.si\/?p=14366"},"modified":"2021-04-21T19:43:49","modified_gmt":"2021-04-21T17:43:49","slug":"svetovni-dan-zemlje","status":"publish","type":"post","link":"https:\/\/www.os-slivnica.si\/?p=14366","title":{"rendered":"Svetovni dan Zemlje"},"content":{"rendered":"<p>Danes, 22. aprila, obele\u017eujemo svetovni dan Zemlje. Slivni\u0161ki peto\u0161olci smo Zemlji namenili del zadnjega dne aprilskega pouka na daljavo: razmi\u0161ljali smo o tem, kako bi lahko manj onesna\u017eevali, nato pa smo se lotili \u0161e dejanj &#8211; pridru\u017eili smo se \u010distilni akciji in o\u010distili na\u0161o okolico.<\/p>\n<p>Vabljeni k ogledu utrinkov, ki smo jih zbrali v film\u010dek.<\/p>\nngg_shortcode_0_placeholder\n","protected":false},"excerpt":{"rendered":"<p>Danes, 22. aprila, obele\u017eujemo svetovni dan Zemlje. Slivni\u0161ki peto\u0161olci smo Zemlji namenili del zadnjega dne aprilskega pouka na daljavo: razmi\u0161ljali smo o tem, kako bi lahko manj onesna\u017eevali, nato pa smo se lotili \u0161e dejanj &#8211; pridru\u017eili smo se \u010distilni akciji in o\u010distili na\u0161o okolico. Vabljeni k ogledu utrinkov, ki smo jih zbrali v film\u010dek.<\/p>\n","protected":false},"author":36773,"featured_media":0,"comment_status":"closed","ping_status":"closed","sticky":false,"template":"","format":"standard","meta":{"_et_pb_use_builder":"","_et_pb_old_content":"","_et_gb_content_width":"","ngg_post_thumbnail":0,"footnotes":"","_expiration-date-status":"","_expiration-date":0,"_expiration-date-type":"","_expiration-date-categories":[],"_expiration-date-options":[]},"categories":[9],"tags":[],"class_list":["post-14366","post","type-post","status-publish","format-standard","hentry","category-aktualno","et-doesnt-have-format-content","et_post_format-et-post-format-standard"],"_links":{"self":[{"href":"https:\/\/www.os-slivnica.si\/index.php?rest_route=\/wp\/v2\/posts\/14366","targetHints":{"allow":["GET"]}}],"collection":[{"href":"https:\/\/www.os-slivnica.si\/index.php?rest_route=\/wp\/v2\/posts"}],"about":[{"href":"https:\/\/www.os-slivnica.si\/index.php?rest_route=\/wp\/v2\/types\/post"}],"author":[{"embeddable":true,"href":"https:\/\/www.os-slivnica.si\/index.php?rest_route=\/wp\/v2\/users\/36773"}],"replies":[{"embeddable":true,"href":"https:\/\/www.os-slivnica.si\/index.php?rest_route=%2Fwp%2Fv2%2Fcomments&post=14366"}],"version-history":[{"count":3,"href":"https:\/\/www.os-slivnica.si\/index.php?rest_route=\/wp\/v2\/posts\/14366\/revisions"}],"predecessor-version":[{"id":14369,"href":"https:\/\/www.os-slivnica.si\/index.php?rest_route=\/wp\/v2\/posts\/14366\/revisions\/14369"}],"wp:attachment":[{"href":"https:\/\/www.os-slivnica.si\/index.php?rest_route=%2Fwp%2Fv2%2Fmedia&parent=14366"}],"wp:term":[{"taxonomy":"category","embeddable":true,"href":"https:\/\/www.os-slivnica.si\/index.php?rest_route=%2Fwp%2Fv2%2Fcategories&post=14366"},{"taxonomy":"post_tag","embeddable":true,"href":"https:\/\/www.os-slivnica.si\/index.php?rest_route=%2Fwp%2Fv2%2Ftags&post=14366"}],"curies":[{"name":"wp","href":"https:\/\/api.w.org\/{rel}","templated":true}]}}