{"id":14323,"date":"2021-04-09T13:44:48","date_gmt":"2021-04-09T11:44:48","guid":{"rendered":"http:\/\/slivnica.splet.arnes.si\/?p=14323"},"modified":"2021-04-09T13:44:48","modified_gmt":"2021-04-09T11:44:48","slug":"pouk-od-12-4-2021-dalje","status":"publish","type":"post","link":"https:\/\/www.os-slivnica.si\/?p=14323","title":{"rendered":"Pouk od 12. 4. 2021 dalje"},"content":{"rendered":"<p>Spo\u0161tovani u\u010denci\/u\u010denke in star\u0161i!<\/p>\n<p>V skladu z odlokom Vlade Republike Slovenije se bo v ponedeljek, 12. 4. 2021,\u00a0 pouk nadaljeval za vse u\u010dence v prostorih \u0161ole.\u00a0Veselimo se,\u00a0 da bomo ponovno vsi v \u0161oli. V\u00a0 \u0161olo se vrnejo le <strong>zdravi<\/strong> u\u010denci.<\/p>\n<p>Zaradi \u0161e vedno resne epidemiolo\u0161ke situacije bo pouk potekal v skladu s priporo\u010dili NIJZ. Organizacija vzgojno-izobra\u017eevalnega\u00a0 dela\u00a0 bo potekala enako kot v mesecu marcu.<\/p>\n<p><strong>V ponedeljek\u00a0 bo pouk potekal po II. urniku (B turnus). <\/strong><\/p>\n<p>V \u017eelji, da ostanemo v \u0161oli do konca \u0161olskega leta, upamo, da boste vi in va\u0161i otroci upo\u0161tevali priporo\u010dila NIJZ v \u0161oli in izven nje.<\/p>\n<p>Ravnateljica Marjeta Ko\u0161ak<\/p>\n<p>&nbsp;<\/p>\n","protected":false},"excerpt":{"rendered":"<p>Spo\u0161tovani u\u010denci\/u\u010denke in star\u0161i! V skladu z odlokom Vlade Republike Slovenije se bo v ponedeljek, 12. 4. 2021,\u00a0 pouk nadaljeval za vse u\u010dence v prostorih \u0161ole.\u00a0Veselimo se,\u00a0 da bomo ponovno vsi v \u0161oli. V\u00a0 \u0161olo se vrnejo le zdravi u\u010denci. Zaradi \u0161e vedno resne epidemiolo\u0161ke situacije bo pouk potekal v skladu s priporo\u010dili NIJZ. Organizacija [&hellip;]<\/p>\n","protected":false},"author":5705,"featured_media":0,"comment_status":"closed","ping_status":"closed","sticky":false,"template":"","format":"standard","meta":{"_et_pb_use_builder":"","_et_pb_old_content":"","_et_gb_content_width":"","ngg_post_thumbnail":0,"footnotes":"","_expiration-date-status":"","_expiration-date":0,"_expiration-date-type":"","_expiration-date-categories":[],"_expiration-date-options":[]},"categories":[9],"tags":[],"class_list":["post-14323","post","type-post","status-publish","format-standard","hentry","category-aktualno","et-doesnt-have-format-content","et_post_format-et-post-format-standard"],"_links":{"self":[{"href":"https:\/\/www.os-slivnica.si\/index.php?rest_route=\/wp\/v2\/posts\/14323","targetHints":{"allow":["GET"]}}],"collection":[{"href":"https:\/\/www.os-slivnica.si\/index.php?rest_route=\/wp\/v2\/posts"}],"about":[{"href":"https:\/\/www.os-slivnica.si\/index.php?rest_route=\/wp\/v2\/types\/post"}],"author":[{"embeddable":true,"href":"https:\/\/www.os-slivnica.si\/index.php?rest_route=\/wp\/v2\/users\/5705"}],"replies":[{"embeddable":true,"href":"https:\/\/www.os-slivnica.si\/index.php?rest_route=%2Fwp%2Fv2%2Fcomments&post=14323"}],"version-history":[{"count":1,"href":"https:\/\/www.os-slivnica.si\/index.php?rest_route=\/wp\/v2\/posts\/14323\/revisions"}],"predecessor-version":[{"id":14324,"href":"https:\/\/www.os-slivnica.si\/index.php?rest_route=\/wp\/v2\/posts\/14323\/revisions\/14324"}],"wp:attachment":[{"href":"https:\/\/www.os-slivnica.si\/index.php?rest_route=%2Fwp%2Fv2%2Fmedia&parent=14323"}],"wp:term":[{"taxonomy":"category","embeddable":true,"href":"https:\/\/www.os-slivnica.si\/index.php?rest_route=%2Fwp%2Fv2%2Fcategories&post=14323"},{"taxonomy":"post_tag","embeddable":true,"href":"https:\/\/www.os-slivnica.si\/index.php?rest_route=%2Fwp%2Fv2%2Ftags&post=14323"}],"curies":[{"name":"wp","href":"https:\/\/api.w.org\/{rel}","templated":true}]}}