{"id":14300,"date":"2021-04-02T10:03:00","date_gmt":"2021-04-02T08:03:00","guid":{"rendered":"http:\/\/slivnica.splet.arnes.si\/?p=14300"},"modified":"2021-04-02T10:30:52","modified_gmt":"2021-04-02T08:30:52","slug":"prezivite-mednarodni-dan-knjig-za-otroke-v-druzbi-s-slovenskimi-knjizevniki","status":"publish","type":"post","link":"https:\/\/www.os-slivnica.si\/?p=14300","title":{"rendered":"Pre\u017eivite mednarodni dan knjig za otroke v dru\u017ebi s slovenskimi knji\u017eevniki"},"content":{"rendered":"<p><strong>Premiera filmskih portretov ob Mednarodnem dnevu knjig za otroke<\/strong><\/p>\n<p><img loading=\"lazy\" decoding=\"async\" class=\"\" src=\"https:\/\/mail.google.com\/mail\/u\/0?ui=2&amp;ik=d659b8ebeb&amp;attid=0.2&amp;permmsgid=msg-f:1695907876988977219&amp;th=1789133a93b70043&amp;view=fimg&amp;sz=s0-l75-ft&amp;attbid=ANGjdJ9RFOJTndxTikHw01uYbsk1HFZ-Ubx3D_hOEepOpHwRKhP3hV6cfuktIH7efYgzhOw5gtsxxPoGurt11Q5RnDkwSpoifDddtf0omuKexFL_bJJpMd1ji27t8Bo&amp;disp=emb&amp;realattid=178913329665b006a2\" alt=\"Slika, ki vsebuje besede besedilo Opis je samodejno ustvarjen\" width=\"584\" height=\"413\" \/><\/p>\n<p><strong>V Dru\u0161tvu slovenskih pisateljev<\/strong> so ob Mednarodnem dnevu knjig za otroke\u00a0 pripravili\u00a0 deset kratkih filmskih portretov pisateljic in pisateljev, ki pi\u0161ejo za mlade in najmlaj\u0161e. Predstavijo se nam <strong>Nata\u0161a Konc Lorenzutti<\/strong>, <strong>Slavko Pregl<\/strong>,\u00a0<strong>Ma\u0161a Ogrizek<\/strong>,\u00a0<strong>Majda Koren<\/strong>,\u00a0<strong>Andrej Predin<\/strong>,\u00a0<strong>Aksinja Kermauner<\/strong>,\u00a0<strong>Jana Bauer<\/strong>,\u00a0<strong>Sebastijan Pregelj<\/strong>,\u00a0<strong>Andrej Rozman \u2013 Roza<\/strong>\u00a0in\u00a0<strong>Anja \u0160tefan<\/strong>. V \u010dasu, ko gostovanja po \u0161olah, vrtcih in knji\u017enicah niso mogo\u010da, \u017eelijo mlade bralce na ta na\u010din nagovoriti in jih povabiti k branju.<\/p>\n<p>Filmski portreti bodo na Mednarodni dan knjig za otroke med 9. in 18. uro predvajani na Facebook profilu Dru\u0161tva slovenskih pisateljev, ogledati pa si jih je mogo\u010de tudi na spletni strani dru\u0161tva:\u00a0<a href=\"https:\/\/drustvo-dsp.si\/premiera-filmskih-portretov-ob-mednarodnem-dnevu-knjig-za-otroke\/\" data-saferedirecturl=\"https:\/\/www.google.com\/url?q=https:\/\/drustvo-dsp.si\/premiera-filmskih-portretov-ob-mednarodnem-dnevu-knjig-za-otroke\/&amp;source=gmail&amp;ust=1617431136090000&amp;usg=AFQjCNE-44baVSHCWqoaG-sM-Aa75zLnUQ\">https:\/\/drustvo-dsp.si\/premiera-filmskih-portretov-ob-mednarodnem-dnevu-knjig-za-otroke\/<\/a>\u00a0ter na spodnjih YouTube povezavah.<\/p>\n<p>&nbsp;<\/p>\n<p>ANA BAUER. <a href=\"https:\/\/youtu.be\/5akRlNQ4DMU\" data-saferedirecturl=\"https:\/\/www.google.com\/url?q=https:\/\/youtu.be\/5akRlNQ4DMU&amp;source=gmail&amp;ust=1617431136091000&amp;usg=AFQjCNEV5KEAdG5jg7JCSnEVJpGrBgqW8Q\">https:\/\/youtu.be\/5akRlNQ4DMU<\/a><\/p>\n<p>AKSINJA KERMAUNER.\u00a0<a href=\"https:\/\/youtu.be\/Ml5dS3fa7-s\" data-saferedirecturl=\"https:\/\/www.google.com\/url?q=https:\/\/youtu.be\/Ml5dS3fa7-s&amp;source=gmail&amp;ust=1617431136091000&amp;usg=AFQjCNF8oFo-17ObXI7C3MMSkHr7sUfuUg\">https:\/\/youtu.be\/Ml5dS3fa7-s<\/a><\/p>\n<p>NATA\u0160A KONC LORENZUTTI.\u00a0<a href=\"https:\/\/youtu.be\/pWkq-H8Q5-Y\" data-saferedirecturl=\"https:\/\/www.google.com\/url?q=https:\/\/youtu.be\/pWkq-H8Q5-Y&amp;source=gmail&amp;ust=1617431136091000&amp;usg=AFQjCNGxCv1eY48HWnyyc68mHvJf781xHw\">https:\/\/youtu.be\/pWkq-H8Q5-Y<\/a><\/p>\n<p>MAJDA KOREN.\u00a0<a href=\"https:\/\/youtu.be\/7No0sdNp2k8\" data-saferedirecturl=\"https:\/\/www.google.com\/url?q=https:\/\/youtu.be\/7No0sdNp2k8&amp;source=gmail&amp;ust=1617431136091000&amp;usg=AFQjCNEnXc1woM_OTDaluYTXAMRAQAQFdA\">https:\/\/youtu.be\/7No0sdNp2k8<\/a><\/p>\n<p>MA\u0160A OGRIZEK.\u00a0<a href=\"https:\/\/youtu.be\/Jr6c_3lVFiU\" data-saferedirecturl=\"https:\/\/www.google.com\/url?q=https:\/\/youtu.be\/Jr6c_3lVFiU&amp;source=gmail&amp;ust=1617431136091000&amp;usg=AFQjCNHCpYE3_rusiFM6JQ1AFVtOMYz_iA\">https:\/\/youtu.be\/Jr6c_3lVFiU<\/a><\/p>\n<p>ANDREJ PREDIN.\u00a0<a href=\"https:\/\/youtu.be\/M94uoqnWo7k\" data-saferedirecturl=\"https:\/\/www.google.com\/url?q=https:\/\/youtu.be\/M94uoqnWo7k&amp;source=gmail&amp;ust=1617431136091000&amp;usg=AFQjCNFP2mWqCogntwwE5fIY6RcFbmHtCw\">https:\/\/youtu.be\/M94uoqnWo7k<\/a><\/p>\n<p>SLAVKO PREGL.\u00a0<a href=\"https:\/\/youtu.be\/PaThSy2Iqog\" data-saferedirecturl=\"https:\/\/www.google.com\/url?q=https:\/\/youtu.be\/PaThSy2Iqog&amp;source=gmail&amp;ust=1617431136091000&amp;usg=AFQjCNHC3qT4VFzR-bM41FSa7vhswvpFBA\">https:\/\/youtu.be\/PaThSy2Iqog<\/a><\/p>\n<p>SEBASTIJAN PREGELJ.\u00a0<a href=\"https:\/\/youtu.be\/tH4kQTOutuA\" data-saferedirecturl=\"https:\/\/www.google.com\/url?q=https:\/\/youtu.be\/tH4kQTOutuA&amp;source=gmail&amp;ust=1617431136091000&amp;usg=AFQjCNEzeBS3oov-BX1ccEAstNYraStaxw\">https:\/\/youtu.be\/tH4kQTOutuA<\/a><\/p>\n<p>ANDREJ ROZMAN \u2013 ROZA.\u00a0<a href=\"https:\/\/youtu.be\/NsPwjPY3cyY\" data-saferedirecturl=\"https:\/\/www.google.com\/url?q=https:\/\/youtu.be\/NsPwjPY3cyY&amp;source=gmail&amp;ust=1617431136091000&amp;usg=AFQjCNHcY90SC88dhdQzNjVUerbGk2bR2Q\">https:\/\/youtu.be\/NsPwjPY3cyY<\/a><\/p>\n<p>ANJA \u0160TEFAN.\u00a0<a href=\"https:\/\/youtu.be\/uojovswPqz4\" data-saferedirecturl=\"https:\/\/www.google.com\/url?q=https:\/\/youtu.be\/uojovswPqz4&amp;source=gmail&amp;ust=1617431136091000&amp;usg=AFQjCNE6SNYUW0I1Qhpjks71Byo-o9a96A\">https:\/\/youtu.be\/uojovswPqz4<\/a><\/p>\n<p>&nbsp;<\/p>\n<p><em>Produkcija: Dru\u0161tvo slovenskih pisateljev- Sekcija za otro\u0161ko in mladinsko knji\u017eevnost<\/em><\/p>\n<p><em>Video: Urban Zorko, EnaBanda<\/em><\/p>\n<p><em>Glasba:\u00a0<a href=\"http:\/\/www.bensound.com\/\" data-saferedirecturl=\"https:\/\/www.google.com\/url?q=http:\/\/www.bensound.com&amp;source=gmail&amp;ust=1617431136091000&amp;usg=AFQjCNGocBse6jxxxYlWki7oYbutXaefsQ\">www.bensound.com<\/a><\/em><\/p>\n<p><em>S podporo Javne agencije za knjigo RS.<\/em><\/p>\n<p>&nbsp;<\/p>\n<p><img decoding=\"async\" src=\"https:\/\/mail.google.com\/mail\/u\/0?ui=2&amp;ik=d659b8ebeb&amp;attid=0.1&amp;permmsgid=msg-f:1695907876988977219&amp;th=1789133a93b70043&amp;view=fimg&amp;sz=s0-l75-ft&amp;attbid=ANGjdJ8Jq4VbkewsKbRqCDg_2KyqIN-r6b7uJW9vH97k8qms2ifpKoMs6Pe6DYe00NbPmVbcmHTWEAX9P4akLogifLVLftwir_vWvyGoGPs_kIEr-y5AcV7RPD6F-Y4&amp;disp=emb&amp;realattid=178913329664ce8e91\" alt=\"ZNAK+LOGO\" \/>\u00a0 <strong>Dru\u0161tvo slovenskih pisateljev &#8211; Sekcija za otro\u0161ko in mladinsko knji\u017eevnost <\/strong><\/p>\n<p><strong>\u00a0 \u00a0 \u00a0 \u00a0 \u00a0 \u00a0 \u00a0 \u00a0 \u00a0 \u00a0 \u00a0 \u00a0 \u00a0 \u00a0 \u00a0 \u00a0 \u00a0 \u00a0 \u00a0 \u00a0 \u00a0 \u00a0 \u00a0 \u00a0 \u00a0 \u00a0 \u00a0 \u00a0 \u00a0 \u00a0 \u00a0 \u00a0 \u00a0 vas vabi k ogledu!\u00a0<\/strong><\/p>\n","protected":false},"excerpt":{"rendered":"<p>Premiera filmskih portretov ob Mednarodnem dnevu knjig za otroke V Dru\u0161tvu slovenskih pisateljev so ob Mednarodnem dnevu knjig za otroke\u00a0 pripravili\u00a0 deset kratkih filmskih portretov pisateljic in pisateljev, ki pi\u0161ejo za mlade in najmlaj\u0161e. Predstavijo se nam Nata\u0161a Konc Lorenzutti, Slavko Pregl,\u00a0Ma\u0161a Ogrizek,\u00a0Majda Koren,\u00a0Andrej Predin,\u00a0Aksinja Kermauner,\u00a0Jana Bauer,\u00a0Sebastijan Pregelj,\u00a0Andrej Rozman \u2013 Roza\u00a0in\u00a0Anja \u0160tefan. V \u010dasu, ko [&hellip;]<\/p>\n","protected":false},"author":4050,"featured_media":0,"comment_status":"closed","ping_status":"closed","sticky":false,"template":"","format":"standard","meta":{"_et_pb_use_builder":"","_et_pb_old_content":"","_et_gb_content_width":"","ngg_post_thumbnail":0,"footnotes":"","_expiration-date-status":"","_expiration-date":0,"_expiration-date-type":"","_expiration-date-categories":[],"_expiration-date-options":[]},"categories":[9],"tags":[],"class_list":["post-14300","post","type-post","status-publish","format-standard","hentry","category-aktualno","et-doesnt-have-format-content","et_post_format-et-post-format-standard"],"_links":{"self":[{"href":"https:\/\/www.os-slivnica.si\/index.php?rest_route=\/wp\/v2\/posts\/14300","targetHints":{"allow":["GET"]}}],"collection":[{"href":"https:\/\/www.os-slivnica.si\/index.php?rest_route=\/wp\/v2\/posts"}],"about":[{"href":"https:\/\/www.os-slivnica.si\/index.php?rest_route=\/wp\/v2\/types\/post"}],"author":[{"embeddable":true,"href":"https:\/\/www.os-slivnica.si\/index.php?rest_route=\/wp\/v2\/users\/4050"}],"replies":[{"embeddable":true,"href":"https:\/\/www.os-slivnica.si\/index.php?rest_route=%2Fwp%2Fv2%2Fcomments&post=14300"}],"version-history":[{"count":5,"href":"https:\/\/www.os-slivnica.si\/index.php?rest_route=\/wp\/v2\/posts\/14300\/revisions"}],"predecessor-version":[{"id":14306,"href":"https:\/\/www.os-slivnica.si\/index.php?rest_route=\/wp\/v2\/posts\/14300\/revisions\/14306"}],"wp:attachment":[{"href":"https:\/\/www.os-slivnica.si\/index.php?rest_route=%2Fwp%2Fv2%2Fmedia&parent=14300"}],"wp:term":[{"taxonomy":"category","embeddable":true,"href":"https:\/\/www.os-slivnica.si\/index.php?rest_route=%2Fwp%2Fv2%2Fcategories&post=14300"},{"taxonomy":"post_tag","embeddable":true,"href":"https:\/\/www.os-slivnica.si\/index.php?rest_route=%2Fwp%2Fv2%2Ftags&post=14300"}],"curies":[{"name":"wp","href":"https:\/\/api.w.org\/{rel}","templated":true}]}}