{"id":14288,"date":"2021-04-02T09:08:57","date_gmt":"2021-04-02T07:08:57","guid":{"rendered":"http:\/\/slivnica.splet.arnes.si\/?p=14288"},"modified":"2021-04-02T10:23:53","modified_gmt":"2021-04-02T08:23:53","slug":"2-april-mednarodni-dan-knjig-za-otroke","status":"publish","type":"post","link":"https:\/\/www.os-slivnica.si\/?p=14288","title":{"rendered":"2. april &#8211; mednarodni dan knjig za otroke"},"content":{"rendered":"<p>2. aprila, na rojstni dan Hansa C. Andersena, praznujemo mednarodni dan knjig za otroke. Mednarodna zveza za mladinsko knji\u017eevnost &#8211; IBBY vsako leto pripravi <a href=\"https:\/\/www.ibby.si\/index.php\/int-ibby\/ibby-2-april\/376-2-april-2021-mednarodni-dan-knjig-za-otroke\"><strong>poslanico<\/strong> in <strong>plakat<\/strong><\/a>. Leto\u0161njo poslanico in plakat je pripravila <strong>Ameri\u0161ka sekcija IBBY &#8211; USBBY<\/strong>.<\/p>\n<p>Poslanica nosi naslov<strong> Glasba besed<\/strong>, napisala jo je pesnica <strong>Margarita Engle<\/strong>. Plakat je oblikoval ilustrator <strong>Roger Mello<\/strong>.<\/p>\n<p>Leto\u0161nje praznovanje je pri nas povezano tudi <strong>s praznovanjem jubileja Kristine Brenkove<\/strong>. Ob 110. obletnici pisatelji\u010dinega rojstva sta Mestna knji\u017enica Ljubljana in Slovenska sekcija IBBY zasnovala bralnospodbujevalno akcijo <a href=\"https:\/\/www.ibby.si\/images\/stories\/2.april\/2021\/kb.pdf\"><strong>Glasba besed Kristine Brenkove in besede o glasbi<\/strong><\/a>. Pripravili so seznam 110 del, ki so povezana z njenimi deli in s knjigami za otroke o glasbi.<\/p>\n<p>Ob prazniku je poslanico napisal tudi pesnik <strong>Marko Kravos<\/strong>, predsednik Dru\u0161tva Bralna zna\u010dka Slovenije &#8211; ZPMS:<\/p>\n<p><strong>Berimo otro\u0161ke knjige, da se bodo zgladile gube na \u010delu starega sveta<\/strong><\/p>\n<p><strong><em>\u00a0<\/em><\/strong><strong><em>Takoj za dnevom la\u017enivih kljukcev, 1. aprilom, nastopi mednarodni, svetovni dan knjig za otroke. Prav je tako. V teh di\u0161e\u010dih, lepo okra\u0161enih knjigah je 1001 resnica, tiso\u010d ob\u010dutkov in dogodiv\u0161\u010din v davnini in do dana\u0161njih dni: pod soncem in pod \u017earki lune, iz mitskih korenin pod zemljo in iz sanjske preje, kjer je vse zlahka res, \u010de prina\u0161a dobro &#8211; in sre\u010den konec.<\/em><\/strong><\/p>\n<p><strong><em>Vsa velika literatura rase iz teh resnic prve otro\u0161ke knjige, ki se napaja in poji ob toku prvinskega \u017eivljenja. Od tiso\u010derih zrn soli, tiso\u010derih zrnc cvetnega prahu, iz rojev \u010drk in besed na pisanem papirju. Naj nam bo v veselje: malim in velikim. Dajmo ga z veseljem deliti z drugimi v svoji bli\u017eini. <\/em><\/strong><\/p>\n<p><strong><em>Berimo otro\u0161ke knjige, da se bodo zgladile gube na \u010delu starega sveta.<\/em><\/strong><\/p>\n<p>Lahko si ogledate tudi <a href=\"https:\/\/www.youtube.com\/watch?v=QI46tCC2pyc\">videoposnetek<\/a>.<\/p>\n<p>Slovenska sekcija IBBY je poslanico in plakat za praznovanje mednarodnega dneva knjig za otroke pripravila \u017ee ve\u010dkrat, nazadnje lansko leto.<\/p>\n<p>Sekcija je jeseni 2020 podelila nagrado za posebne zasluge pri spodbujanju branja Dru\u0161tvu Bralna zna\u010dka Slovenije &#8211; ZPMS.\u00a0 <strong>Bralna zna\u010dka, ki letos poteka \u017ee 60. leto, se je uvrstila tudi na seznam slovenske nesnovne kulturne dedi\u0161\u010dine.<\/strong> Vabimo vas k ogledu <a href=\"https:\/\/www.youtube.com\/watch?v=d3qCkYuFKCI\">predstavitvenega filma o Dru\u0161tvu Bralna zna\u010dka &#8211; ZPMS in o Bralni zna\u010dki.<\/a><\/p>\n<p>O Bralni zna\u010dki lahko re\u0161ujete tudi leto\u0161nji <a href=\"https:\/\/www.megakviz.si\/kviz\/sezona-202021\">MEGA kviz<\/a>.<\/p>\n<p>Najmlaj\u0161e ob prazniku knjig za otroke \u017eeli razveseliti tudi Mladinska knjiga. Ogledate si lahko del zgodbe iz slikanice<a href=\"https:\/\/vimeo.com\/411777381\"> Pravlji\u010dno potovanje Hansa Christiana. Andersena<\/a> in kako je <a href=\"https:\/\/vimeo.com\/411772863\">ilustratorka Maja Kastelic<\/a> izdelala ilustracije zanjo.<\/p>\n<p>Otroci in odrasli, vzemite si \u010das za knjige, danes in vse naslednje dni.<\/p>\n<p>&nbsp;<\/p>\n<p><strong><em>\u00a0<\/em><\/strong><\/p>\n","protected":false},"excerpt":{"rendered":"<p>2. aprila, na rojstni dan Hansa C. Andersena, praznujemo mednarodni dan knjig za otroke. Mednarodna zveza za mladinsko knji\u017eevnost &#8211; IBBY vsako leto pripravi poslanico in plakat. Leto\u0161njo poslanico in plakat je pripravila Ameri\u0161ka sekcija IBBY &#8211; USBBY. Poslanica nosi naslov Glasba besed, napisala jo je pesnica Margarita Engle. Plakat je oblikoval ilustrator Roger Mello. [&hellip;]<\/p>\n","protected":false},"author":4050,"featured_media":0,"comment_status":"closed","ping_status":"closed","sticky":false,"template":"","format":"standard","meta":{"_et_pb_use_builder":"","_et_pb_old_content":"","_et_gb_content_width":"","ngg_post_thumbnail":0,"footnotes":"","_expiration-date-status":"","_expiration-date":0,"_expiration-date-type":"","_expiration-date-categories":[],"_expiration-date-options":[]},"categories":[9],"tags":[],"class_list":["post-14288","post","type-post","status-publish","format-standard","hentry","category-aktualno","et-doesnt-have-format-content","et_post_format-et-post-format-standard"],"_links":{"self":[{"href":"https:\/\/www.os-slivnica.si\/index.php?rest_route=\/wp\/v2\/posts\/14288","targetHints":{"allow":["GET"]}}],"collection":[{"href":"https:\/\/www.os-slivnica.si\/index.php?rest_route=\/wp\/v2\/posts"}],"about":[{"href":"https:\/\/www.os-slivnica.si\/index.php?rest_route=\/wp\/v2\/types\/post"}],"author":[{"embeddable":true,"href":"https:\/\/www.os-slivnica.si\/index.php?rest_route=\/wp\/v2\/users\/4050"}],"replies":[{"embeddable":true,"href":"https:\/\/www.os-slivnica.si\/index.php?rest_route=%2Fwp%2Fv2%2Fcomments&post=14288"}],"version-history":[{"count":12,"href":"https:\/\/www.os-slivnica.si\/index.php?rest_route=\/wp\/v2\/posts\/14288\/revisions"}],"predecessor-version":[{"id":14305,"href":"https:\/\/www.os-slivnica.si\/index.php?rest_route=\/wp\/v2\/posts\/14288\/revisions\/14305"}],"wp:attachment":[{"href":"https:\/\/www.os-slivnica.si\/index.php?rest_route=%2Fwp%2Fv2%2Fmedia&parent=14288"}],"wp:term":[{"taxonomy":"category","embeddable":true,"href":"https:\/\/www.os-slivnica.si\/index.php?rest_route=%2Fwp%2Fv2%2Fcategories&post=14288"},{"taxonomy":"post_tag","embeddable":true,"href":"https:\/\/www.os-slivnica.si\/index.php?rest_route=%2Fwp%2Fv2%2Ftags&post=14288"}],"curies":[{"name":"wp","href":"https:\/\/api.w.org\/{rel}","templated":true}]}}