{"id":14273,"date":"2021-03-29T20:41:58","date_gmt":"2021-03-29T18:41:58","guid":{"rendered":"http:\/\/slivnica.splet.arnes.si\/?p=14273"},"modified":"2021-03-30T08:10:50","modified_gmt":"2021-03-30T06:10:50","slug":"potek-pouka-od-1-4-do-11-4-2021","status":"publish","type":"post","link":"https:\/\/www.os-slivnica.si\/?p=14273","title":{"rendered":"Potek pouka od 1. 4. do 11. 4. 2021"},"content":{"rendered":"<p>Spo\u0161tovani star\u0161i!<\/p>\n<p>Vlada RS je dne 28. 3. 2021 zaradi zajezitve in obvladovanja nalezljive bolezni Covid-19 sprejela nov Odlok o za\u010dasni prepovedi zbiranja ljudi v zavodih s podro\u010dja vzgoje in izobra\u017eevanja ter v univerzah in visoko\u0161olskih zavodih.<\/p>\n<p>To pomeni, da je bo <strong>od 1. 4. do 9. 4. 2021 \u00a0potekal pouk na daljavo za vse u\u010dence od 1. do 9. razreda. <\/strong><\/p>\n<p>Zavedamo se, da boste imeli nekateri star\u0161i v tem \u010dasu te\u017eave z varstvom otrok in Vlada RS je v novem odloku predvidela mo\u017enost nujnega varstva za u\u010dence. <strong>Nujno varstvo bo za u\u010dence 1. do 3. razreda <\/strong>\u00a0<strong>mati\u010dne \u0161oli in podru\u017enic<\/strong> <strong>\u00a0potekalo na \u0161oli v Gorici od 6.00 do 16.00. <\/strong><strong>Star\u0161i prijavite otroka \u00a0v nujno varstvo do torka, \u00a030. 3. 2021, do 14. ure po telefonu 05 969 6050 ali na elektronski naslov <\/strong><a href=\"mailto:tajnistvo@slivnica.si\"><strong>tajnistvo@slivnica.si<\/strong><\/a><strong>. U\u010dencem bomo zagotovili tudi prehrano. <\/strong><\/p>\n<p>Nujno varstvo se izvaja za u\u010dence\/u\u010denke, katerih oba star\u0161a ali eden od star\u0161ev, \u010de je samohranilec, sta zaposlena:<\/p>\n<ul>\n<li>v sektorjih kriti\u010dne infrastrukture (sektor energetike, sektor prometa, sektor prehrane, sektor preskrbe s pitno vodo, sektor zdravstva, sektor financ, sektor varovanja okolja, sektor informacijsko-komunikacijskih omre\u017eij in sistemov (4. \u010dlen Zakona o kriti\u010dni infrastrukturi; \u0161t. 75\/17),<\/li>\n<li>zavodih s podro\u010dja vzgoje in izobra\u017eevanja,<\/li>\n<li>zavodih s podro\u010dja socialne varnosti,<\/li>\n<li>Slovenski vojski,<\/li>\n<li>Policiji,<\/li>\n<li>poklicnih gasilskih enotah.<\/li>\n<\/ul>\n<p><strong>Upravi\u010denost se ugotavlja na podlagi<a href=\"http:\/\/slivnica.splet.arnes.si\/files\/2021\/03\/Potrdilo-delodajalca.docx\" target=\"_blank\" rel=\"noopener noreferrer\"> potrdila delodajalca<\/a>, zato ustrezno potrdilo delodajalca o zaposlitvi po\u0161ljite do srede, 31. 3. 2021, do 14. ure na elektronski naslov: <\/strong><a href=\"mailto:tajnistvo@slivnica.si\"><strong>tajnistvo@slivnica.si<\/strong><\/a><strong>.<\/strong><\/p>\n<p>\u017delimo vam mirne velikono\u010dne praznike.\u00a0\u00a0\u00a0\u00a0\u00a0\u00a0\u00a0\u00a0\u00a0\u00a0\u00a0\u00a0\u00a0\u00a0\u00a0\u00a0\u00a0\u00a0\u00a0\u00a0\u00a0\u00a0\u00a0\u00a0\u00a0\u00a0\u00a0\u00a0\u00a0\u00a0\u00a0\u00a0\u00a0\u00a0\u00a0\u00a0\u00a0\u00a0\u00a0\u00a0\u00a0\u00a0 Ravnateljica\u00a0\u00a0\u00a0 Marjeta Ko\u0161ak<\/p>\n<table width=\"100%\">\n<tbody>\n<tr>\n<td><\/td>\n<\/tr>\n<\/tbody>\n<\/table>\n<p>&nbsp;<\/p>\n","protected":false},"excerpt":{"rendered":"<p>Spo\u0161tovani star\u0161i! Vlada RS je dne 28. 3. 2021 zaradi zajezitve in obvladovanja nalezljive bolezni Covid-19 sprejela nov Odlok o za\u010dasni prepovedi zbiranja ljudi v zavodih s podro\u010dja vzgoje in izobra\u017eevanja ter v univerzah in visoko\u0161olskih zavodih. To pomeni, da je bo od 1. 4. do 9. 4. 2021 \u00a0potekal pouk na daljavo za vse [&hellip;]<\/p>\n","protected":false},"author":5705,"featured_media":0,"comment_status":"closed","ping_status":"closed","sticky":false,"template":"","format":"standard","meta":{"_et_pb_use_builder":"","_et_pb_old_content":"","_et_gb_content_width":"","ngg_post_thumbnail":0,"footnotes":"","_expiration-date-status":"","_expiration-date":0,"_expiration-date-type":"","_expiration-date-categories":[],"_expiration-date-options":[]},"categories":[9],"tags":[],"class_list":["post-14273","post","type-post","status-publish","format-standard","hentry","category-aktualno","et-doesnt-have-format-content","et_post_format-et-post-format-standard"],"_links":{"self":[{"href":"https:\/\/www.os-slivnica.si\/index.php?rest_route=\/wp\/v2\/posts\/14273","targetHints":{"allow":["GET"]}}],"collection":[{"href":"https:\/\/www.os-slivnica.si\/index.php?rest_route=\/wp\/v2\/posts"}],"about":[{"href":"https:\/\/www.os-slivnica.si\/index.php?rest_route=\/wp\/v2\/types\/post"}],"author":[{"embeddable":true,"href":"https:\/\/www.os-slivnica.si\/index.php?rest_route=\/wp\/v2\/users\/5705"}],"replies":[{"embeddable":true,"href":"https:\/\/www.os-slivnica.si\/index.php?rest_route=%2Fwp%2Fv2%2Fcomments&post=14273"}],"version-history":[{"count":4,"href":"https:\/\/www.os-slivnica.si\/index.php?rest_route=\/wp\/v2\/posts\/14273\/revisions"}],"predecessor-version":[{"id":14279,"href":"https:\/\/www.os-slivnica.si\/index.php?rest_route=\/wp\/v2\/posts\/14273\/revisions\/14279"}],"wp:attachment":[{"href":"https:\/\/www.os-slivnica.si\/index.php?rest_route=%2Fwp%2Fv2%2Fmedia&parent=14273"}],"wp:term":[{"taxonomy":"category","embeddable":true,"href":"https:\/\/www.os-slivnica.si\/index.php?rest_route=%2Fwp%2Fv2%2Fcategories&post=14273"},{"taxonomy":"post_tag","embeddable":true,"href":"https:\/\/www.os-slivnica.si\/index.php?rest_route=%2Fwp%2Fv2%2Ftags&post=14273"}],"curies":[{"name":"wp","href":"https:\/\/api.w.org\/{rel}","templated":true}]}}