{"id":14271,"date":"2021-03-29T18:48:16","date_gmt":"2021-03-29T16:48:16","guid":{"rendered":"http:\/\/slivnica.splet.arnes.si\/?p=14271"},"modified":"2021-03-29T18:48:16","modified_gmt":"2021-03-29T16:48:16","slug":"velikonocni-zajcek-na-ps-prevorje","status":"publish","type":"post","link":"https:\/\/www.os-slivnica.si\/?p=14271","title":{"rendered":"Velikono\u010dni zaj\u010dek na P\u0160 Prevorje"},"content":{"rendered":"<p style=\"text-align: center\"><strong><em><span style=\"color: #000000\">&#8220;U\u017eitek je sre\u010dati pogled tistega,<\/span><\/em><\/strong><\/p>\n<p style=\"text-align: center\"><strong><em><span style=\"color: #000000\">\u00a0 \u00a0 \u00a0 \u00a0 \u00a0 \u00a0 \u00a0 \u00a0 \u00a0 \u00a0 \u00a0 \u00a0 \u00a0 \u00a0 \u00a0 \u00a0 \u00a0 \u00a0 \u00a0 \u00a0 \u00a0 \u00a0 \u00a0\u00a0 kateremu si pred kratkim storil kaj dobrega.&#8221;<\/span><\/em><\/strong>\u00a0<em>Jean de La Bruy\u00e8re<\/em><\/p>\n<p>Minuli teden so<strong> \u010dlani Lions kluba Keleia Celje<\/strong> zopet <strong>razveselili vse dru\u017eine otrok \u0161ole in vrtca Prevorje.<\/strong> Z <strong>vre\u010dko velikono\u010dnih dobrot<\/strong>, ki sta jo napolnili <strong>podjetji Lidl in Merkator,<\/strong> so jim <strong>polep\u0161ali leto\u0161nje prazni\u010dne dni,<\/strong> ki bodo zaradi korone precej druga\u010dni od obi\u010dajnih, saj bo bistveno manj dru\u017eenja in verskih obredov, ki dajejo tradicionalno prazni\u010dno vzdu\u0161je v dru\u017einskem in \u0161ir\u0161em okolju.<\/p>\n<p><em><strong>Za vso pozornost in skrb za otroke na\u0161ega kraja se jim toplo zahvaljujemo z \u017eeljo po zdravju in da se \u0161e kdaj sre\u010damo tudi v \u017eivo.<\/strong><\/em><\/p>\n<p>U\u010denci in zaposleni v P\u0160 Prevorje<\/p>\n<p style=\"text-align: center\">ngg_shortcode_0_placeholder<\/p>\n<p>&nbsp;<\/p>\n","protected":false},"excerpt":{"rendered":"<p>&#8220;U\u017eitek je sre\u010dati pogled tistega, \u00a0 \u00a0 \u00a0 \u00a0 \u00a0 \u00a0 \u00a0 \u00a0 \u00a0 \u00a0 \u00a0 \u00a0 \u00a0 \u00a0 \u00a0 \u00a0 \u00a0 \u00a0 \u00a0 \u00a0 \u00a0 \u00a0 \u00a0\u00a0 kateremu si pred kratkim storil kaj dobrega.&#8221;\u00a0Jean de La Bruy\u00e8re Minuli teden so \u010dlani Lions kluba Keleia Celje zopet razveselili vse dru\u017eine otrok \u0161ole in vrtca Prevorje. [&hellip;]<\/p>\n","protected":false},"author":6009,"featured_media":0,"comment_status":"closed","ping_status":"closed","sticky":false,"template":"","format":"standard","meta":{"_et_pb_use_builder":"","_et_pb_old_content":"","_et_gb_content_width":"","ngg_post_thumbnail":0,"footnotes":"","_expiration-date-status":"","_expiration-date":0,"_expiration-date-type":"","_expiration-date-categories":[],"_expiration-date-options":[]},"categories":[9,11],"tags":[],"class_list":["post-14271","post","type-post","status-publish","format-standard","hentry","category-aktualno","category-ps-prevorje","et-doesnt-have-format-content","et_post_format-et-post-format-standard"],"_links":{"self":[{"href":"https:\/\/www.os-slivnica.si\/index.php?rest_route=\/wp\/v2\/posts\/14271","targetHints":{"allow":["GET"]}}],"collection":[{"href":"https:\/\/www.os-slivnica.si\/index.php?rest_route=\/wp\/v2\/posts"}],"about":[{"href":"https:\/\/www.os-slivnica.si\/index.php?rest_route=\/wp\/v2\/types\/post"}],"author":[{"embeddable":true,"href":"https:\/\/www.os-slivnica.si\/index.php?rest_route=\/wp\/v2\/users\/6009"}],"replies":[{"embeddable":true,"href":"https:\/\/www.os-slivnica.si\/index.php?rest_route=%2Fwp%2Fv2%2Fcomments&post=14271"}],"version-history":[{"count":1,"href":"https:\/\/www.os-slivnica.si\/index.php?rest_route=\/wp\/v2\/posts\/14271\/revisions"}],"predecessor-version":[{"id":14272,"href":"https:\/\/www.os-slivnica.si\/index.php?rest_route=\/wp\/v2\/posts\/14271\/revisions\/14272"}],"wp:attachment":[{"href":"https:\/\/www.os-slivnica.si\/index.php?rest_route=%2Fwp%2Fv2%2Fmedia&parent=14271"}],"wp:term":[{"taxonomy":"category","embeddable":true,"href":"https:\/\/www.os-slivnica.si\/index.php?rest_route=%2Fwp%2Fv2%2Fcategories&post=14271"},{"taxonomy":"post_tag","embeddable":true,"href":"https:\/\/www.os-slivnica.si\/index.php?rest_route=%2Fwp%2Fv2%2Ftags&post=14271"}],"curies":[{"name":"wp","href":"https:\/\/api.w.org\/{rel}","templated":true}]}}