{"id":14260,"date":"2021-03-25T07:49:44","date_gmt":"2021-03-25T06:49:44","guid":{"rendered":"http:\/\/slivnica.splet.arnes.si\/?p=14260"},"modified":"2021-03-25T07:49:44","modified_gmt":"2021-03-25T06:49:44","slug":"materinski-dan-v-loki-pri-zusmu","status":"publish","type":"post","link":"https:\/\/www.os-slivnica.si\/?p=14260","title":{"rendered":"MATERINSKI DAN V LOKI PRI \u017dUSMU"},"content":{"rendered":"<p><a href=\"http:\/\/slivnica.splet.arnes.si\/files\/2021\/03\/\u0161opek.jpg\"><img loading=\"lazy\" decoding=\"async\" class=\"alignnone size-medium wp-image-14261\" src=\"http:\/\/slivnica.splet.arnes.si\/files\/2021\/03\/\u0161opek-300x300.jpg\" alt=\"\" width=\"300\" height=\"300\" srcset=\"https:\/\/www.os-slivnica.si\/files\/2021\/03\/\u0161opek-300x300.jpg 300w, https:\/\/www.os-slivnica.si\/files\/2021\/03\/\u0161opek-150x150.jpg 150w, https:\/\/www.os-slivnica.si\/files\/2021\/03\/\u0161opek-480x480.jpg 480w, https:\/\/www.os-slivnica.si\/files\/2021\/03\/\u0161opek.jpg 598w\" sizes=\"(max-width: 300px) 100vw, 300px\" \/><\/a><\/p>\n<p>Danes je prav poseben dan, saj je namenjen mamicam. V ta namen smo letos v Loki pripravili malo druga\u010dno prireditev. U\u010denci so se zelo potrudili in pridno sodelovali pri nastajanju. Sami so ustvarili deklamacije, dekleta so sama sestavila koreografijo za ples&#8230; \u0160e posebej se je potrudila Leja Loknar, ki je napisala pesem Mamici, katero sta nato skupaj z o\u010detom Damjanom Loknarjem tudi uglasbila. Pesem je pod vodstvom Mojce Krevel zapel otro\u0161ki pevski zbor.\u00a0 Prireditev si lahko ogledate na spodnji povezavi.<\/p>\n<p><iframe loading=\"lazy\" title=\"MATERINSKI DAN 20211\" width=\"1080\" height=\"608\" src=\"https:\/\/www.youtube.com\/embed\/Oo493Q7x0uI?feature=oembed\" frameborder=\"0\" allow=\"accelerometer; autoplay; clipboard-write; encrypted-media; gyroscope; picture-in-picture\" allowfullscreen><\/iframe><\/p>\n<p>Drage mamice,<\/p>\n<p>VSE NAJBOLJ\u0160E ZA MATERINSKI DAN.<\/p>\n","protected":false},"excerpt":{"rendered":"<p>Danes je prav poseben dan, saj je namenjen mamicam. V ta namen smo letos v Loki pripravili malo druga\u010dno prireditev. U\u010denci so se zelo potrudili in pridno sodelovali pri nastajanju. Sami so ustvarili deklamacije, dekleta so sama sestavila koreografijo za ples&#8230; \u0160e posebej se je potrudila Leja Loknar, ki je napisala pesem Mamici, katero sta [&hellip;]<\/p>\n","protected":false},"author":6080,"featured_media":0,"comment_status":"closed","ping_status":"closed","sticky":false,"template":"","format":"standard","meta":{"_et_pb_use_builder":"","_et_pb_old_content":"","_et_gb_content_width":"","ngg_post_thumbnail":0,"footnotes":"","_expiration-date-status":"","_expiration-date":0,"_expiration-date-type":"","_expiration-date-categories":[],"_expiration-date-options":[]},"categories":[9,10],"tags":[],"class_list":["post-14260","post","type-post","status-publish","format-standard","hentry","category-aktualno","category-ps-loka","et-doesnt-have-format-content","et_post_format-et-post-format-standard"],"_links":{"self":[{"href":"https:\/\/www.os-slivnica.si\/index.php?rest_route=\/wp\/v2\/posts\/14260","targetHints":{"allow":["GET"]}}],"collection":[{"href":"https:\/\/www.os-slivnica.si\/index.php?rest_route=\/wp\/v2\/posts"}],"about":[{"href":"https:\/\/www.os-slivnica.si\/index.php?rest_route=\/wp\/v2\/types\/post"}],"author":[{"embeddable":true,"href":"https:\/\/www.os-slivnica.si\/index.php?rest_route=\/wp\/v2\/users\/6080"}],"replies":[{"embeddable":true,"href":"https:\/\/www.os-slivnica.si\/index.php?rest_route=%2Fwp%2Fv2%2Fcomments&post=14260"}],"version-history":[{"count":1,"href":"https:\/\/www.os-slivnica.si\/index.php?rest_route=\/wp\/v2\/posts\/14260\/revisions"}],"predecessor-version":[{"id":14262,"href":"https:\/\/www.os-slivnica.si\/index.php?rest_route=\/wp\/v2\/posts\/14260\/revisions\/14262"}],"wp:attachment":[{"href":"https:\/\/www.os-slivnica.si\/index.php?rest_route=%2Fwp%2Fv2%2Fmedia&parent=14260"}],"wp:term":[{"taxonomy":"category","embeddable":true,"href":"https:\/\/www.os-slivnica.si\/index.php?rest_route=%2Fwp%2Fv2%2Fcategories&post=14260"},{"taxonomy":"post_tag","embeddable":true,"href":"https:\/\/www.os-slivnica.si\/index.php?rest_route=%2Fwp%2Fv2%2Ftags&post=14260"}],"curies":[{"name":"wp","href":"https:\/\/api.w.org\/{rel}","templated":true}]}}