{"id":14246,"date":"2021-03-23T21:34:16","date_gmt":"2021-03-23T20:34:16","guid":{"rendered":"http:\/\/slivnica.splet.arnes.si\/?p=14246"},"modified":"2021-03-23T21:34:16","modified_gmt":"2021-03-23T20:34:16","slug":"td-drugosolcev-iz-gorice","status":"publish","type":"post","link":"https:\/\/www.os-slivnica.si\/?p=14246","title":{"rendered":"TD  drugo\u0161olcev iz Gorice"},"content":{"rendered":"ngg_shortcode_0_placeholder\n<p>Sanje, lepe sanje, to je vse, kar si \u017eelimo&#8230; Zato smo si drugo\u0161olci iz Gorice izdelali svoje lovilce sanj. Pri delu smo uporabili vse svoje spretnosti, razli\u010dne materiale in nastali so&#8230;<\/p>\n<p>Ker pa smo se spomnili tudi na star\u0161e, smo \u0161e za njih nekaj izdelali. Mamice bodo dobile ro\u017eice, o\u010detje pa kravate.<\/p>\n<p>Pri izdelovanju smo u\u017eivali, se zabavali in se tudi trudili&#8230;<\/p>\n","protected":false},"excerpt":{"rendered":"<p>Sanje, lepe sanje, to je vse, kar si \u017eelimo&#8230; Zato smo si drugo\u0161olci iz Gorice izdelali svoje lovilce sanj. Pri delu smo uporabili vse svoje spretnosti, razli\u010dne materiale in nastali so&#8230; Ker pa smo se spomnili tudi na star\u0161e, smo \u0161e za njih nekaj izdelali. Mamice bodo dobile ro\u017eice, o\u010detje pa kravate. Pri izdelovanju smo [&hellip;]<\/p>\n","protected":false},"author":7519,"featured_media":0,"comment_status":"closed","ping_status":"closed","sticky":false,"template":"","format":"standard","meta":{"_et_pb_use_builder":"","_et_pb_old_content":"","_et_gb_content_width":"","ngg_post_thumbnail":0,"footnotes":"","_expiration-date-status":"","_expiration-date":0,"_expiration-date-type":"","_expiration-date-categories":[],"_expiration-date-options":[]},"categories":[9],"tags":[],"class_list":["post-14246","post","type-post","status-publish","format-standard","hentry","category-aktualno","et-doesnt-have-format-content","et_post_format-et-post-format-standard"],"_links":{"self":[{"href":"https:\/\/www.os-slivnica.si\/index.php?rest_route=\/wp\/v2\/posts\/14246","targetHints":{"allow":["GET"]}}],"collection":[{"href":"https:\/\/www.os-slivnica.si\/index.php?rest_route=\/wp\/v2\/posts"}],"about":[{"href":"https:\/\/www.os-slivnica.si\/index.php?rest_route=\/wp\/v2\/types\/post"}],"author":[{"embeddable":true,"href":"https:\/\/www.os-slivnica.si\/index.php?rest_route=\/wp\/v2\/users\/7519"}],"replies":[{"embeddable":true,"href":"https:\/\/www.os-slivnica.si\/index.php?rest_route=%2Fwp%2Fv2%2Fcomments&post=14246"}],"version-history":[{"count":3,"href":"https:\/\/www.os-slivnica.si\/index.php?rest_route=\/wp\/v2\/posts\/14246\/revisions"}],"predecessor-version":[{"id":14249,"href":"https:\/\/www.os-slivnica.si\/index.php?rest_route=\/wp\/v2\/posts\/14246\/revisions\/14249"}],"wp:attachment":[{"href":"https:\/\/www.os-slivnica.si\/index.php?rest_route=%2Fwp%2Fv2%2Fmedia&parent=14246"}],"wp:term":[{"taxonomy":"category","embeddable":true,"href":"https:\/\/www.os-slivnica.si\/index.php?rest_route=%2Fwp%2Fv2%2Fcategories&post=14246"},{"taxonomy":"post_tag","embeddable":true,"href":"https:\/\/www.os-slivnica.si\/index.php?rest_route=%2Fwp%2Fv2%2Ftags&post=14246"}],"curies":[{"name":"wp","href":"https:\/\/api.w.org\/{rel}","templated":true}]}}