{"id":14241,"date":"2021-03-23T20:06:07","date_gmt":"2021-03-23T19:06:07","guid":{"rendered":"http:\/\/slivnica.splet.arnes.si\/?p=14241"},"modified":"2021-03-23T20:06:07","modified_gmt":"2021-03-23T19:06:07","slug":"v-gorici-zasvetile-nocne-lucke-tehniski-dan-4-razred","status":"publish","type":"post","link":"https:\/\/www.os-slivnica.si\/?p=14241","title":{"rendered":"V Gorici zasvetile no\u010dne lu\u010dke &#8211; tehni\u0161ki dan 4. razred"},"content":{"rendered":"<p>U\u010denci se v 4. razredu u\u010dijo o elektriki. O njej vedo \u017ee veliko. Sestaviti znajo preprost elektri\u010dni krog, tudi takega s stikalom. Na njihovih obrazih je vedno nasmeh, ko \u017earnica zasveti. Tako vedo, da delajo prav.<\/p>\n<p>Na tehni\u0161kem dnevu o elektriki so svoje znanje \u0161e nadgradili \u2013 izdelali so \u010disto pravo no\u010dno svetilko. Delo je bilo zahtevno, natan\u010dno in naporno, a so vztrajali. Izdelati so morali podstavek, sen\u010dilo, sestaviti elektri\u010dni krog s stikalom. Bilo je res naporno, a njihov trud se je popla\u010dal. No\u010dne svetilke so delovale! S ponosom in nasmehom na obrazu so opazovali svoje izdelke. No\u010dna svetilka ne bo le okras v njihovi sobi, ampak jo bodo v temnih no\u010deh tudi uporabili.ngg_shortcode_0_placeholder<\/p>\n","protected":false},"excerpt":{"rendered":"<p>U\u010denci se v 4. razredu u\u010dijo o elektriki. O njej vedo \u017ee veliko. Sestaviti znajo preprost elektri\u010dni krog, tudi takega s stikalom. Na njihovih obrazih je vedno nasmeh, ko \u017earnica zasveti. Tako vedo, da delajo prav. Na tehni\u0161kem dnevu o elektriki so svoje znanje \u0161e nadgradili \u2013 izdelali so \u010disto pravo no\u010dno svetilko. Delo je [&hellip;]<\/p>\n","protected":false},"author":6074,"featured_media":0,"comment_status":"closed","ping_status":"closed","sticky":false,"template":"","format":"standard","meta":{"_et_pb_use_builder":"","_et_pb_old_content":"","_et_gb_content_width":"","ngg_post_thumbnail":0,"footnotes":"","_expiration-date-status":"","_expiration-date":0,"_expiration-date-type":"","_expiration-date-categories":[],"_expiration-date-options":[]},"categories":[9],"tags":[],"class_list":["post-14241","post","type-post","status-publish","format-standard","hentry","category-aktualno","et-doesnt-have-format-content","et_post_format-et-post-format-standard"],"_links":{"self":[{"href":"https:\/\/www.os-slivnica.si\/index.php?rest_route=\/wp\/v2\/posts\/14241","targetHints":{"allow":["GET"]}}],"collection":[{"href":"https:\/\/www.os-slivnica.si\/index.php?rest_route=\/wp\/v2\/posts"}],"about":[{"href":"https:\/\/www.os-slivnica.si\/index.php?rest_route=\/wp\/v2\/types\/post"}],"author":[{"embeddable":true,"href":"https:\/\/www.os-slivnica.si\/index.php?rest_route=\/wp\/v2\/users\/6074"}],"replies":[{"embeddable":true,"href":"https:\/\/www.os-slivnica.si\/index.php?rest_route=%2Fwp%2Fv2%2Fcomments&post=14241"}],"version-history":[{"count":3,"href":"https:\/\/www.os-slivnica.si\/index.php?rest_route=\/wp\/v2\/posts\/14241\/revisions"}],"predecessor-version":[{"id":14244,"href":"https:\/\/www.os-slivnica.si\/index.php?rest_route=\/wp\/v2\/posts\/14241\/revisions\/14244"}],"wp:attachment":[{"href":"https:\/\/www.os-slivnica.si\/index.php?rest_route=%2Fwp%2Fv2%2Fmedia&parent=14241"}],"wp:term":[{"taxonomy":"category","embeddable":true,"href":"https:\/\/www.os-slivnica.si\/index.php?rest_route=%2Fwp%2Fv2%2Fcategories&post=14241"},{"taxonomy":"post_tag","embeddable":true,"href":"https:\/\/www.os-slivnica.si\/index.php?rest_route=%2Fwp%2Fv2%2Ftags&post=14241"}],"curies":[{"name":"wp","href":"https:\/\/api.w.org\/{rel}","templated":true}]}}