{"id":14232,"date":"2021-03-18T17:10:34","date_gmt":"2021-03-18T16:10:34","guid":{"rendered":"http:\/\/slivnica.splet.arnes.si\/?p=14232"},"modified":"2021-03-24T19:55:53","modified_gmt":"2021-03-24T18:55:53","slug":"tehniski-dan-svetilka","status":"publish","type":"post","link":"https:\/\/www.os-slivnica.si\/?p=14232","title":{"rendered":"Tehni\u0161ki dan &#8211; svetilka"},"content":{"rendered":"<p>Aleksej, \u010detrto\u0161olec na\u0161e \u0161ole, se je v ponedeljek, 15. 3. 2021, spopadel z velikim izzivom. Imel je namre\u010d tehni\u0161ki dan in moral je zdelati elektri\u010dno svetilko. Dela se je lotil odlo\u010dno in odgovorno, saj dodatne pomo\u010di so\u0161olcev ni mogel pri\u010dakovati. Risal je na\u010drt za ohi\u0161je svetilke, oblikoval sen\u010dilo, sestavil elektri\u010dni krog z \u017earnico, baterijo, \u017eicami &#8230; Vse dele svetilke je sestavil v celoto in \u010dakal, kaj se bo zgodilo. Bo svetilka zasvetila? Je, bravo!!! \u0160irok nasmeh se mu je zarisal na obrazu in tudi peto\u0161olci so mu izrekli pohvalo za uspe\u0161en izdelek ter trud.<\/p>\nngg_shortcode_0_placeholder\n","protected":false},"excerpt":{"rendered":"<p>Aleksej, \u010detrto\u0161olec na\u0161e \u0161ole, se je v ponedeljek, 15. 3. 2021, spopadel z velikim izzivom. Imel je namre\u010d tehni\u0161ki dan in moral je zdelati elektri\u010dno svetilko. Dela se je lotil odlo\u010dno in odgovorno, saj dodatne pomo\u010di so\u0161olcev ni mogel pri\u010dakovati. Risal je na\u010drt za ohi\u0161je svetilke, oblikoval sen\u010dilo, sestavil elektri\u010dni krog z \u017earnico, baterijo, \u017eicami [&hellip;]<\/p>\n","protected":false},"author":5997,"featured_media":0,"comment_status":"closed","ping_status":"closed","sticky":false,"template":"","format":"standard","meta":{"_et_pb_use_builder":"","_et_pb_old_content":"","_et_gb_content_width":"","ngg_post_thumbnail":0,"footnotes":"","_expiration-date-status":"","_expiration-date":0,"_expiration-date-type":"","_expiration-date-categories":[],"_expiration-date-options":[]},"categories":[10],"tags":[],"class_list":["post-14232","post","type-post","status-publish","format-standard","hentry","category-ps-loka","et-doesnt-have-format-content","et_post_format-et-post-format-standard"],"_links":{"self":[{"href":"https:\/\/www.os-slivnica.si\/index.php?rest_route=\/wp\/v2\/posts\/14232","targetHints":{"allow":["GET"]}}],"collection":[{"href":"https:\/\/www.os-slivnica.si\/index.php?rest_route=\/wp\/v2\/posts"}],"about":[{"href":"https:\/\/www.os-slivnica.si\/index.php?rest_route=\/wp\/v2\/types\/post"}],"author":[{"embeddable":true,"href":"https:\/\/www.os-slivnica.si\/index.php?rest_route=\/wp\/v2\/users\/5997"}],"replies":[{"embeddable":true,"href":"https:\/\/www.os-slivnica.si\/index.php?rest_route=%2Fwp%2Fv2%2Fcomments&post=14232"}],"version-history":[{"count":3,"href":"https:\/\/www.os-slivnica.si\/index.php?rest_route=\/wp\/v2\/posts\/14232\/revisions"}],"predecessor-version":[{"id":14253,"href":"https:\/\/www.os-slivnica.si\/index.php?rest_route=\/wp\/v2\/posts\/14232\/revisions\/14253"}],"wp:attachment":[{"href":"https:\/\/www.os-slivnica.si\/index.php?rest_route=%2Fwp%2Fv2%2Fmedia&parent=14232"}],"wp:term":[{"taxonomy":"category","embeddable":true,"href":"https:\/\/www.os-slivnica.si\/index.php?rest_route=%2Fwp%2Fv2%2Fcategories&post=14232"},{"taxonomy":"post_tag","embeddable":true,"href":"https:\/\/www.os-slivnica.si\/index.php?rest_route=%2Fwp%2Fv2%2Ftags&post=14232"}],"curies":[{"name":"wp","href":"https:\/\/api.w.org\/{rel}","templated":true}]}}