{"id":14226,"date":"2021-03-16T08:27:06","date_gmt":"2021-03-16T07:27:06","guid":{"rendered":"http:\/\/slivnica.splet.arnes.si\/?p=14226"},"modified":"2021-03-16T08:27:06","modified_gmt":"2021-03-16T07:27:06","slug":"fotografski-krozek-nasli-lepote-narave","status":"publish","type":"post","link":"https:\/\/www.os-slivnica.si\/?p=14226","title":{"rendered":"Fotografski kro\u017eek: na\u0161li lepote narave"},"content":{"rendered":"<div class=\"kvgmc6g5 cxmmr5t8 oygrvhab hcukyx3x c1et5uql ii04i59q\">\n<div dir=\"auto\">Na\u0161li smo lepoto:<\/div>\n<div dir=\"auto\">v \u017ee mo\u010dno zelenih travah&#8230; v ne\u017enem valovanju jezera&#8230;<\/div>\n<div dir=\"auto\">v skrivnostnem odsevu na gladini&#8230;<\/div>\n<div dir=\"auto\">in veselem ter razigranem srcu &#8211; v na\u0161i mladini. <span class=\"pq6dq46d tbxw36s4 knj5qynh kvgmc6g5 ditlmg2l oygrvhab nvdbi5me sf5mxxl7 gl3lb2sf hhz5lgdu\"><img loading=\"lazy\" decoding=\"async\" src=\"https:\/\/static.xx.fbcdn.net\/images\/emoji.php\/v9\/tea\/1\/16\/1f970.png\" alt=\"\ud83e\udd70\" width=\"16\" height=\"16\" \/><\/span><\/div>\n<\/div>\n<div class=\"o9v6fnle cxmmr5t8 oygrvhab hcukyx3x c1et5uql ii04i59q\">\n<div dir=\"auto\"><\/div>\n<div dir=\"auto\"><a class=\"oajrlxb2 g5ia77u1 qu0x051f esr5mh6w e9989ue4 r7d6kgcz rq0escxv nhd2j8a9 nc684nl6 p7hjln8o kvgmc6g5 cxmmr5t8 oygrvhab hcukyx3x jb3vyjys rz4wbd8a qt6c0cv9 a8nywdso i1ao9s8h esuyzwwr f1sip0of lzcic4wl q66pz984 gpro0wi8 b1v8xokw\" role=\"link\" href=\"https:\/\/www.facebook.com\/hashtag\/likovnofotografski?__eep__=6&amp;__cft__[0]=AZX12GiGQBGK1Q15wv-8xs-RajOyDqYakzJvpiHnaQ81UTKdJ5D9Ka0y5fa4dUIh1sAolgMoNfIhh8MB3g2iURVr4wyTHiOlMBoPG9BMwpyZCkUK-GLJ23Z4oId4NNjwUmrUeP5pfWXZAG5nS2owNikmw3YmtbIEjn-v7AKgIjIbJpnlUVFEgF_ypnmrmY9oPvw&amp;__tn__=*NK-R\">#likovnofotografski<\/a><\/div>\n<\/div>\n<div class=\"o9v6fnle cxmmr5t8 oygrvhab hcukyx3x c1et5uql ii04i59q\">\n<div dir=\"auto\">Foto: Tinkara Jev\u0161nik in u\u010diteljica<\/div>\n<\/div>\n<div dir=\"auto\">ngg_shortcode_0_placeholder<\/div>\n","protected":false},"excerpt":{"rendered":"<p>Na\u0161li smo lepoto: v \u017ee mo\u010dno zelenih travah&#8230; v ne\u017enem valovanju jezera&#8230; v skrivnostnem odsevu na gladini&#8230; in veselem ter razigranem srcu &#8211; v na\u0161i mladini. #likovnofotografski Foto: Tinkara Jev\u0161nik in u\u010diteljica<\/p>\n","protected":false},"author":7958,"featured_media":0,"comment_status":"closed","ping_status":"closed","sticky":false,"template":"","format":"standard","meta":{"_et_pb_use_builder":"","_et_pb_old_content":"","_et_gb_content_width":"","ngg_post_thumbnail":0,"footnotes":"","_expiration-date-status":"","_expiration-date":0,"_expiration-date-type":"","_expiration-date-categories":[],"_expiration-date-options":[]},"categories":[9],"tags":[],"class_list":["post-14226","post","type-post","status-publish","format-standard","hentry","category-aktualno","et-doesnt-have-format-content","et_post_format-et-post-format-standard"],"_links":{"self":[{"href":"https:\/\/www.os-slivnica.si\/index.php?rest_route=\/wp\/v2\/posts\/14226","targetHints":{"allow":["GET"]}}],"collection":[{"href":"https:\/\/www.os-slivnica.si\/index.php?rest_route=\/wp\/v2\/posts"}],"about":[{"href":"https:\/\/www.os-slivnica.si\/index.php?rest_route=\/wp\/v2\/types\/post"}],"author":[{"embeddable":true,"href":"https:\/\/www.os-slivnica.si\/index.php?rest_route=\/wp\/v2\/users\/7958"}],"replies":[{"embeddable":true,"href":"https:\/\/www.os-slivnica.si\/index.php?rest_route=%2Fwp%2Fv2%2Fcomments&post=14226"}],"version-history":[{"count":2,"href":"https:\/\/www.os-slivnica.si\/index.php?rest_route=\/wp\/v2\/posts\/14226\/revisions"}],"predecessor-version":[{"id":14228,"href":"https:\/\/www.os-slivnica.si\/index.php?rest_route=\/wp\/v2\/posts\/14226\/revisions\/14228"}],"wp:attachment":[{"href":"https:\/\/www.os-slivnica.si\/index.php?rest_route=%2Fwp%2Fv2%2Fmedia&parent=14226"}],"wp:term":[{"taxonomy":"category","embeddable":true,"href":"https:\/\/www.os-slivnica.si\/index.php?rest_route=%2Fwp%2Fv2%2Fcategories&post=14226"},{"taxonomy":"post_tag","embeddable":true,"href":"https:\/\/www.os-slivnica.si\/index.php?rest_route=%2Fwp%2Fv2%2Ftags&post=14226"}],"curies":[{"name":"wp","href":"https:\/\/api.w.org\/{rel}","templated":true}]}}