{"id":14210,"date":"2021-03-05T11:07:49","date_gmt":"2021-03-05T10:07:49","guid":{"rendered":"http:\/\/slivnica.splet.arnes.si\/?p=14210"},"modified":"2021-03-05T11:11:21","modified_gmt":"2021-03-05T10:11:21","slug":"14210","status":"publish","type":"post","link":"https:\/\/www.os-slivnica.si\/?p=14210","title":{"rendered":"Uporaba za\u0161\u010ditnih mask v \u010dasu pouka"},"content":{"rendered":"<p>Spo\u0161tovani star\u0161i!<\/p>\n<p>Veseli smo, da so u\u010denci zopet v \u0161oli in \u00a0da se delo postopoma \u00a0vra\u010da v ustaljeni ritem.<\/p>\n<p>Obve\u0161\u010damo vas, da je Vlada RS je sprejela Odlok o spremembi Odloka o za\u010dasnih ukrepih za zmanj\u0161anje tveganja oku\u017ebe in \u0161irjenja oku\u017ebe z virusom SARS-Cov-2 (Ur. l. \u0161t. 30\/21), s katerim je<strong>\u00a0 uporaba za\u0161\u010ditnih mask za u\u010dence od 6. do 9. razreda obvezna tudi v u\u010dilnici.<\/strong><\/p>\n<p>Pri\u010dakujemo, da bodo u\u010denci dosledno nosili maske \u00a0v prostorih \u0161ole in tudi na \u0161olskem avtobusu in\u00a0 s tem vsem nam omogo\u010dili, da bo lahko pouk potekal \u0161e naprej v \u0161oli.<\/p>\n<p>V\u00a0 <a href=\"http:\/\/slivnica.splet.arnes.si\/files\/2021\/03\/Vzgojno-izobra\u017eevalno-delo-od-8.3.-2021.pdf\" target=\"_blank\" rel=\"noopener noreferrer\">okro\u017enici MIZ\u0160 <\/a> je priporo\u010deno tudi, da u\u010denci od 1. do 5. razreda za svojo varnost in za\u0161\u010dito vseskozi uporabljajo za\u0161\u010ditno masko.<\/p>\n<p>Ostanite zdravi, ravnateljica Marjeta Ko\u0161ak<\/p>\n","protected":false},"excerpt":{"rendered":"<p>Spo\u0161tovani star\u0161i! Veseli smo, da so u\u010denci zopet v \u0161oli in \u00a0da se delo postopoma \u00a0vra\u010da v ustaljeni ritem. Obve\u0161\u010damo vas, da je Vlada RS je sprejela Odlok o spremembi Odloka o za\u010dasnih ukrepih za zmanj\u0161anje tveganja oku\u017ebe in \u0161irjenja oku\u017ebe z virusom SARS-Cov-2 (Ur. l. \u0161t. 30\/21), s katerim je\u00a0 uporaba za\u0161\u010ditnih mask za [&hellip;]<\/p>\n","protected":false},"author":5705,"featured_media":0,"comment_status":"closed","ping_status":"closed","sticky":false,"template":"","format":"standard","meta":{"_et_pb_use_builder":"","_et_pb_old_content":"","_et_gb_content_width":"","ngg_post_thumbnail":0,"footnotes":"","_expiration-date-status":"","_expiration-date":0,"_expiration-date-type":"","_expiration-date-categories":[],"_expiration-date-options":[]},"categories":[9],"tags":[],"class_list":["post-14210","post","type-post","status-publish","format-standard","hentry","category-aktualno","et-doesnt-have-format-content","et_post_format-et-post-format-standard"],"_links":{"self":[{"href":"https:\/\/www.os-slivnica.si\/index.php?rest_route=\/wp\/v2\/posts\/14210","targetHints":{"allow":["GET"]}}],"collection":[{"href":"https:\/\/www.os-slivnica.si\/index.php?rest_route=\/wp\/v2\/posts"}],"about":[{"href":"https:\/\/www.os-slivnica.si\/index.php?rest_route=\/wp\/v2\/types\/post"}],"author":[{"embeddable":true,"href":"https:\/\/www.os-slivnica.si\/index.php?rest_route=\/wp\/v2\/users\/5705"}],"replies":[{"embeddable":true,"href":"https:\/\/www.os-slivnica.si\/index.php?rest_route=%2Fwp%2Fv2%2Fcomments&post=14210"}],"version-history":[{"count":3,"href":"https:\/\/www.os-slivnica.si\/index.php?rest_route=\/wp\/v2\/posts\/14210\/revisions"}],"predecessor-version":[{"id":14214,"href":"https:\/\/www.os-slivnica.si\/index.php?rest_route=\/wp\/v2\/posts\/14210\/revisions\/14214"}],"wp:attachment":[{"href":"https:\/\/www.os-slivnica.si\/index.php?rest_route=%2Fwp%2Fv2%2Fmedia&parent=14210"}],"wp:term":[{"taxonomy":"category","embeddable":true,"href":"https:\/\/www.os-slivnica.si\/index.php?rest_route=%2Fwp%2Fv2%2Fcategories&post=14210"},{"taxonomy":"post_tag","embeddable":true,"href":"https:\/\/www.os-slivnica.si\/index.php?rest_route=%2Fwp%2Fv2%2Ftags&post=14210"}],"curies":[{"name":"wp","href":"https:\/\/api.w.org\/{rel}","templated":true}]}}