{"id":14180,"date":"2021-02-18T09:29:13","date_gmt":"2021-02-18T08:29:13","guid":{"rendered":"http:\/\/slivnica.splet.arnes.si\/?p=14180"},"modified":"2021-02-18T09:41:05","modified_gmt":"2021-02-18T08:41:05","slug":"pouk-od-22-2-2020-dalje","status":"publish","type":"post","link":"https:\/\/www.os-slivnica.si\/?p=14180","title":{"rendered":"Pouk od 22. 2. 2020 dalje"},"content":{"rendered":"<h4>Spo\u0161tovani u\u010denci\/u\u010denke in star\u0161i!<\/h4>\n<p>V skladu z odlokom Vlade Republike Slovenije bo od ponedeljka, 22. 2. 2021,\u00a0 dalje pouk za vse u\u010dence potekal v prostorih \u0161ole.<\/p>\n<p><strong>Veselimo se, \u00a0da bomo ponovno vsi v \u0161oli.<span style=\"color: #0000ff\"> V\u00a0 \u0161olo se vrnejo le zdravi u\u010denci.<\/span><\/strong><\/p>\n<p>Zaradi \u0161e vedno resne epidemiolo\u0161ke situacije bomo pouk prilagodili v skladu s<a href=\"http:\/\/slivnica.splet.arnes.si\/files\/2021\/02\/Okro\u017enica-MIZ\u0160_pouk-od-15.-2.-dalje.pdf\" target=\"_blank\" rel=\"noopener noreferrer\"> priporo\u010dili MIZ\u0160.<\/a><br \/>\nO prilagoditvah bodo razredniki seznanili u\u010dence prvi dan pouka.<\/p>\n<p>Pouk bo potekal za vse u\u010dence v mati\u010dnih u\u010dilnicah. U\u010denci nosijo maske povsod razen v mati\u010dni u\u010dilnici.<\/p>\n<p>U\u010dencem priporo\u010damo, da imajo s seboj dodatna obla\u010dila, saj bomo u\u010dilnice redno prezra\u010devali.<\/p>\n<p>Organizacija vzgojno-izobra\u017eevalnega\u00a0 dela\u00a0 bo potekala podobno kot v jeseni. U\u010denci prihajajo v \u0161olo najprej 15 minut pred za\u010detkom pouka. <span style=\"color: #0000ff\"><strong>V ponedeljek\u00a0 bo pouk potekal po I. urniku (A turnus) in se bo za\u010del ob 8. uri.<\/strong><\/span><\/p>\n<p>Organiziran bo \u0161olski prevoz, avtobusi bodo vozili po\u00a0<a href=\"http:\/\/slivnica.splet.arnes.si\/files\/2020\/09\/VOZNI-RED-2020_2021.pdf\" target=\"_blank\" rel=\"noopener noreferrer\">voznem redu<\/a> ki velja za \u0161olsko leto 2020\/2021. V skladu s priporo\u010dili je potrebno na avtobusu nositi masko, pred vstopom pa si u\u010denci razku\u017eijo roke.<\/p>\n<p>Za u\u010dence bomo pripravili vse obroke, ki jih imajo naro\u010dene. V primeru, da u\u010denec ne bo jedel, star\u0161i odjavite obroke v petek, 19. 2. 2021.<\/p>\n<p><strong>Izvajali bomo jutranje varstvo in podalj\u0161ano bivanje za vse otroke, ki nujno potrebujejo varstvo. \u00a0Zaradi organizacijskih te\u017eav bomo veseli, \u010de boste star\u0161i u\u010dencev 4. in 5. razreda lahko sami zagotovili varstvo otrok po odhodu \u0161olskih avtobusov.<\/strong><\/p>\n<p>Spo\u0161tovani star\u0161i, ob koncu obdobja pouka na daljavo se vam najlep\u0161e zahvaljujemo za va\u0161e sodelovanje.<\/p>\n<p><span style=\"color: #0000ff\"><strong>V \u017eelji, da ostanemo v \u0161oli do konca \u0161olskega leta, upamo, da boste vi in va\u0161i otroci upo\u0161tevali priporo\u010dila NIJZ v \u0161oli in izven nje.<\/strong><\/span><\/p>\n<p>Ravnateljica Marjeta Ko\u0161ak<\/p>\n","protected":false},"excerpt":{"rendered":"<p>Spo\u0161tovani u\u010denci\/u\u010denke in star\u0161i! V skladu z odlokom Vlade Republike Slovenije bo od ponedeljka, 22. 2. 2021,\u00a0 dalje pouk za vse u\u010dence potekal v prostorih \u0161ole. Veselimo se, \u00a0da bomo ponovno vsi v \u0161oli. V\u00a0 \u0161olo se vrnejo le zdravi u\u010denci. Zaradi \u0161e vedno resne epidemiolo\u0161ke situacije bomo pouk prilagodili v skladu s priporo\u010dili MIZ\u0160. [&hellip;]<\/p>\n","protected":false},"author":5705,"featured_media":0,"comment_status":"closed","ping_status":"closed","sticky":false,"template":"","format":"standard","meta":{"_et_pb_use_builder":"","_et_pb_old_content":"","_et_gb_content_width":"","ngg_post_thumbnail":0,"footnotes":"","_expiration-date-status":"","_expiration-date":0,"_expiration-date-type":"","_expiration-date-categories":[],"_expiration-date-options":[]},"categories":[9],"tags":[],"class_list":["post-14180","post","type-post","status-publish","format-standard","hentry","category-aktualno","et-doesnt-have-format-content","et_post_format-et-post-format-standard"],"_links":{"self":[{"href":"https:\/\/www.os-slivnica.si\/index.php?rest_route=\/wp\/v2\/posts\/14180","targetHints":{"allow":["GET"]}}],"collection":[{"href":"https:\/\/www.os-slivnica.si\/index.php?rest_route=\/wp\/v2\/posts"}],"about":[{"href":"https:\/\/www.os-slivnica.si\/index.php?rest_route=\/wp\/v2\/types\/post"}],"author":[{"embeddable":true,"href":"https:\/\/www.os-slivnica.si\/index.php?rest_route=\/wp\/v2\/users\/5705"}],"replies":[{"embeddable":true,"href":"https:\/\/www.os-slivnica.si\/index.php?rest_route=%2Fwp%2Fv2%2Fcomments&post=14180"}],"version-history":[{"count":8,"href":"https:\/\/www.os-slivnica.si\/index.php?rest_route=\/wp\/v2\/posts\/14180\/revisions"}],"predecessor-version":[{"id":14189,"href":"https:\/\/www.os-slivnica.si\/index.php?rest_route=\/wp\/v2\/posts\/14180\/revisions\/14189"}],"wp:attachment":[{"href":"https:\/\/www.os-slivnica.si\/index.php?rest_route=%2Fwp%2Fv2%2Fmedia&parent=14180"}],"wp:term":[{"taxonomy":"category","embeddable":true,"href":"https:\/\/www.os-slivnica.si\/index.php?rest_route=%2Fwp%2Fv2%2Fcategories&post=14180"},{"taxonomy":"post_tag","embeddable":true,"href":"https:\/\/www.os-slivnica.si\/index.php?rest_route=%2Fwp%2Fv2%2Ftags&post=14180"}],"curies":[{"name":"wp","href":"https:\/\/api.w.org\/{rel}","templated":true}]}}