{"id":14157,"date":"2021-02-10T12:38:49","date_gmt":"2021-02-10T11:38:49","guid":{"rendered":"http:\/\/slivnica.splet.arnes.si\/?p=14157"},"modified":"2021-02-10T13:11:21","modified_gmt":"2021-02-10T12:11:21","slug":"leto-josipa-ipavca-in-izdelava-mozickov","status":"publish","type":"post","link":"https:\/\/www.os-slivnica.si\/?p=14157","title":{"rendered":"Leto Josipa Ipavca in izdelava Mo\u017ei\u010dkov"},"content":{"rendered":"<p>Vlada Republike Slovenije je leto 2021 razglasila za leto Josipa Ipavca.<\/p>\n<p>V ob\u010dini \u0160entjur bo letos potekalo veliko dogodkov in projektov ob stoletnici smrti zdravnika in skladatelja Josipa Ipavca.\u00a0Glavni koordinator bo Knji\u017enica \u0160entjur v sodelovanju z Ob\u010dino \u0160entjur, z drugimi organizacijami in tudi s \u0161olami na\u0161e ob\u010dine.<\/p>\n<p>U\u010ditelji tehnike in tehnologije iz osnovnih \u0161ol ob\u010dine \u0160entjur smo se dogovorili, da bomo z u\u010denci pri pouku izdelovali lutke iz Ipav\u010devega baleta Mo\u017ei\u010dek.<\/p>\n<p>Na na\u0161i \u0161oli smo se projekta lotili v sklopu izbirnega predmeta Obdelava gradiv les. Odlo\u010dili smo se, da bodo na\u0161i mo\u017ei\u010dki izdelani iz vezane plo\u0161\u010de, gibljivi in 40 cm veliki. V \u010dasu pouka na daljavo smo za\u010deli z izdelavo. Prednostno so u\u010denci izdelali \u0161tiri mo\u017ei\u010dke, ki smo jih \u017ee poslali na ob\u010dino \u0160entjur. Te lutke \u2013 mo\u017ei\u010dki so med drugimi sedaj \u00a0razstavljeni na oknih hi\u0161 v zgornjem trgu v \u0160entjurju.<\/p>\n<p>Z u\u010denci izbirnega predmeta bomo z izdelavo mo\u017ei\u010dkov \u0161e nadaljevali. Ostali mo\u017ei\u010dki bodo, ko bodo dokon\u010dani krasili tudi prostore na\u0161e \u0161ole.<\/p>\n<p>Mojstrovine iz O\u0160 Slivnica pri Celju so \u017ee prispevali; Anej Dimec, Gal Tr\u017ean, Miha Mastnak in Nik Mastnak.<\/p>\n<p>Fotografije mo\u017ei\u010dkov u\u010dencev na\u0161e \u0161ole si lahko ogledate v galeriji.<\/p>\n<p>Mentorica: Mihaela Obrez<\/p>\nngg_shortcode_0_placeholder\n","protected":false},"excerpt":{"rendered":"<p>Vlada Republike Slovenije je leto 2021 razglasila za leto Josipa Ipavca. V ob\u010dini \u0160entjur bo letos potekalo veliko dogodkov in projektov ob stoletnici smrti zdravnika in skladatelja Josipa Ipavca.\u00a0Glavni koordinator bo Knji\u017enica \u0160entjur v sodelovanju z Ob\u010dino \u0160entjur, z drugimi organizacijami in tudi s \u0161olami na\u0161e ob\u010dine. U\u010ditelji tehnike in tehnologije iz osnovnih \u0161ol ob\u010dine [&hellip;]<\/p>\n","protected":false},"author":6602,"featured_media":0,"comment_status":"closed","ping_status":"closed","sticky":false,"template":"","format":"standard","meta":{"_et_pb_use_builder":"","_et_pb_old_content":"","_et_gb_content_width":"","ngg_post_thumbnail":0,"footnotes":"","_expiration-date-status":"","_expiration-date":0,"_expiration-date-type":"","_expiration-date-categories":[],"_expiration-date-options":[]},"categories":[9],"tags":[],"class_list":["post-14157","post","type-post","status-publish","format-standard","hentry","category-aktualno","et-doesnt-have-format-content","et_post_format-et-post-format-standard"],"_links":{"self":[{"href":"https:\/\/www.os-slivnica.si\/index.php?rest_route=\/wp\/v2\/posts\/14157","targetHints":{"allow":["GET"]}}],"collection":[{"href":"https:\/\/www.os-slivnica.si\/index.php?rest_route=\/wp\/v2\/posts"}],"about":[{"href":"https:\/\/www.os-slivnica.si\/index.php?rest_route=\/wp\/v2\/types\/post"}],"author":[{"embeddable":true,"href":"https:\/\/www.os-slivnica.si\/index.php?rest_route=\/wp\/v2\/users\/6602"}],"replies":[{"embeddable":true,"href":"https:\/\/www.os-slivnica.si\/index.php?rest_route=%2Fwp%2Fv2%2Fcomments&post=14157"}],"version-history":[{"count":10,"href":"https:\/\/www.os-slivnica.si\/index.php?rest_route=\/wp\/v2\/posts\/14157\/revisions"}],"predecessor-version":[{"id":14167,"href":"https:\/\/www.os-slivnica.si\/index.php?rest_route=\/wp\/v2\/posts\/14157\/revisions\/14167"}],"wp:attachment":[{"href":"https:\/\/www.os-slivnica.si\/index.php?rest_route=%2Fwp%2Fv2%2Fmedia&parent=14157"}],"wp:term":[{"taxonomy":"category","embeddable":true,"href":"https:\/\/www.os-slivnica.si\/index.php?rest_route=%2Fwp%2Fv2%2Fcategories&post=14157"},{"taxonomy":"post_tag","embeddable":true,"href":"https:\/\/www.os-slivnica.si\/index.php?rest_route=%2Fwp%2Fv2%2Ftags&post=14157"}],"curies":[{"name":"wp","href":"https:\/\/api.w.org\/{rel}","templated":true}]}}