{"id":1415,"date":"2016-02-11T11:21:51","date_gmt":"2016-02-11T10:21:51","guid":{"rendered":"http:\/\/slivnica.splet.arnes.si\/?p=1415"},"modified":"2016-02-11T11:23:34","modified_gmt":"2016-02-11T10:23:34","slug":"kultruni-praznik","status":"publish","type":"post","link":"https:\/\/www.os-slivnica.si\/?p=1415","title":{"rendered":"Kulturni praznik"},"content":{"rendered":"<p>Tudi na O\u0160 Slivnica smo proslavili kulturni praznik z bogatim kulturnim programom.<\/p>\nngg_shortcode_0_placeholder\n<p>V ponedeljek, 8. februarja, pa smo odprli \u0161olska vrata \u0161e obiskovalcem prve kozjanske Knjigobe\u017enice, da so si lahko ogledali prvo fotografsko razstavo Vida Pal\u010dnika, ki jih je navdu\u0161il tudi s projekcijo ostalih fotografij, ki niso na razstavi.<\/p>\n<p>&nbsp;<\/p>\n","protected":false},"excerpt":{"rendered":"<p>Tudi na O\u0160 Slivnica smo proslavili kulturni praznik z bogatim kulturnim programom. V ponedeljek, 8. februarja, pa smo odprli \u0161olska vrata \u0161e obiskovalcem prve kozjanske Knjigobe\u017enice, da so si lahko ogledali prvo fotografsko razstavo Vida Pal\u010dnika, ki jih je navdu\u0161il tudi s projekcijo ostalih fotografij, ki niso na razstavi. &nbsp;<\/p>\n","protected":false},"author":5703,"featured_media":0,"comment_status":"closed","ping_status":"closed","sticky":false,"template":"","format":"standard","meta":{"_et_pb_use_builder":"","_et_pb_old_content":"","_et_gb_content_width":"","ngg_post_thumbnail":0,"footnotes":"","_expiration-date-status":"","_expiration-date":0,"_expiration-date-type":"","_expiration-date-categories":[],"_expiration-date-options":[]},"categories":[9],"tags":[],"class_list":["post-1415","post","type-post","status-publish","format-standard","hentry","category-aktualno","et-doesnt-have-format-content","et_post_format-et-post-format-standard"],"_links":{"self":[{"href":"https:\/\/www.os-slivnica.si\/index.php?rest_route=\/wp\/v2\/posts\/1415","targetHints":{"allow":["GET"]}}],"collection":[{"href":"https:\/\/www.os-slivnica.si\/index.php?rest_route=\/wp\/v2\/posts"}],"about":[{"href":"https:\/\/www.os-slivnica.si\/index.php?rest_route=\/wp\/v2\/types\/post"}],"author":[{"embeddable":true,"href":"https:\/\/www.os-slivnica.si\/index.php?rest_route=\/wp\/v2\/users\/5703"}],"replies":[{"embeddable":true,"href":"https:\/\/www.os-slivnica.si\/index.php?rest_route=%2Fwp%2Fv2%2Fcomments&post=1415"}],"version-history":[{"count":3,"href":"https:\/\/www.os-slivnica.si\/index.php?rest_route=\/wp\/v2\/posts\/1415\/revisions"}],"predecessor-version":[{"id":1418,"href":"https:\/\/www.os-slivnica.si\/index.php?rest_route=\/wp\/v2\/posts\/1415\/revisions\/1418"}],"wp:attachment":[{"href":"https:\/\/www.os-slivnica.si\/index.php?rest_route=%2Fwp%2Fv2%2Fmedia&parent=1415"}],"wp:term":[{"taxonomy":"category","embeddable":true,"href":"https:\/\/www.os-slivnica.si\/index.php?rest_route=%2Fwp%2Fv2%2Fcategories&post=1415"},{"taxonomy":"post_tag","embeddable":true,"href":"https:\/\/www.os-slivnica.si\/index.php?rest_route=%2Fwp%2Fv2%2Ftags&post=1415"}],"curies":[{"name":"wp","href":"https:\/\/api.w.org\/{rel}","templated":true}]}}