{"id":14129,"date":"2021-02-08T07:00:00","date_gmt":"2021-02-08T06:00:00","guid":{"rendered":"http:\/\/slivnica.splet.arnes.si\/?p=14129"},"modified":"2021-02-05T15:54:47","modified_gmt":"2021-02-05T14:54:47","slug":"varna-raba-interneta-2","status":"publish","type":"post","link":"https:\/\/www.os-slivnica.si\/?p=14129","title":{"rendered":"Varna raba interneta"},"content":{"rendered":"<p>Ob dnevu varne rabe interneta 9. 2. 2021 v to\u010dki osve\u0161\u010danja o varni rabi interneta Safe.si pripravljajo spletno interaktivno predstavo za u\u010denke in u\u010dence 2. in 3. triletja osnovne \u0161ole Dobro po\u010dutje in internet. Improvizatorji IGLU Teatra\u00a0bodo aktualne teme zdravih odnosov na internetu, vpliva interneta na samopodobo mladih, iskanje zanesljivih informacij o zdravju na internetu ter pomembnosti uravnote\u017eene rabe naprav z ekrani u\u010dencem 2. in 3. triletja O\u0160 predstavili na zabaven, inovativen in spro\u0161\u010den na\u010din.<\/p>\n<p>U\u010denci in u\u010denke imajo tako omogo\u010den dostop do predstave in sicer:<\/p>\n<ul>\n<li><strong>2. triletje O\u0160 ob 9.00<\/strong>\u00a0na povezavi\u00a0<strong><a href=\"https:\/\/youtu.be\/FUwcmISLqpc\" target=\"_blank\" rel=\"noopener noreferrer\" data-saferedirecturl=\"https:\/\/www.google.com\/url?q=https:\/\/youtu.be\/FUwcmISLqpc&amp;source=gmail&amp;ust=1612607296989000&amp;usg=AFQjCNEJYb42AQHDtS0X2b0pxGbkVpwbbg\">tukaj.<\/a><\/strong><\/li>\n<li><strong>3. triletje O\u0160 ob 10.30 <\/strong>na povezavi\u00a0<strong><a href=\"https:\/\/youtu.be\/e0q5cAPX9fA\" target=\"_blank\" rel=\"noopener noreferrer\" data-saferedirecturl=\"https:\/\/www.google.com\/url?q=https:\/\/youtu.be\/e0q5cAPX9fA&amp;source=gmail&amp;ust=1612607296989000&amp;usg=AFQjCNE-QAysGSdjGBPcEcZXMY1G1ZBiHw\">tukaj.<\/a><\/strong><\/li>\n<\/ul>\n<p><strong>Vse, kar potrebujete za spremljanje dogodka, je ra\u010dunalnik oz. mobilna naprava z dostopom do interneta, zvo\u010dnike in povezavo za prenos v \u017eivo.<br \/>\n<\/strong><\/p>\n<p>Uspe\u0161no praznovanje dneva varne rabe interneta!<\/p>\n","protected":false},"excerpt":{"rendered":"<p>Ob dnevu varne rabe interneta 9. 2. 2021 v to\u010dki osve\u0161\u010danja o varni rabi interneta Safe.si pripravljajo spletno interaktivno predstavo za u\u010denke in u\u010dence 2. in 3. triletja osnovne \u0161ole Dobro po\u010dutje in internet. Improvizatorji IGLU Teatra\u00a0bodo aktualne teme zdravih odnosov na internetu, vpliva interneta na samopodobo mladih, iskanje zanesljivih informacij o zdravju na internetu [&hellip;]<\/p>\n","protected":false},"author":25171,"featured_media":0,"comment_status":"closed","ping_status":"closed","sticky":false,"template":"","format":"standard","meta":{"_et_pb_use_builder":"","_et_pb_old_content":"","_et_gb_content_width":"","ngg_post_thumbnail":0,"footnotes":"","_expiration-date-status":"","_expiration-date":0,"_expiration-date-type":"","_expiration-date-categories":[],"_expiration-date-options":[]},"categories":[9],"tags":[],"class_list":["post-14129","post","type-post","status-publish","format-standard","hentry","category-aktualno","et-doesnt-have-format-content","et_post_format-et-post-format-standard"],"_links":{"self":[{"href":"https:\/\/www.os-slivnica.si\/index.php?rest_route=\/wp\/v2\/posts\/14129","targetHints":{"allow":["GET"]}}],"collection":[{"href":"https:\/\/www.os-slivnica.si\/index.php?rest_route=\/wp\/v2\/posts"}],"about":[{"href":"https:\/\/www.os-slivnica.si\/index.php?rest_route=\/wp\/v2\/types\/post"}],"author":[{"embeddable":true,"href":"https:\/\/www.os-slivnica.si\/index.php?rest_route=\/wp\/v2\/users\/25171"}],"replies":[{"embeddable":true,"href":"https:\/\/www.os-slivnica.si\/index.php?rest_route=%2Fwp%2Fv2%2Fcomments&post=14129"}],"version-history":[{"count":9,"href":"https:\/\/www.os-slivnica.si\/index.php?rest_route=\/wp\/v2\/posts\/14129\/revisions"}],"predecessor-version":[{"id":14138,"href":"https:\/\/www.os-slivnica.si\/index.php?rest_route=\/wp\/v2\/posts\/14129\/revisions\/14138"}],"wp:attachment":[{"href":"https:\/\/www.os-slivnica.si\/index.php?rest_route=%2Fwp%2Fv2%2Fmedia&parent=14129"}],"wp:term":[{"taxonomy":"category","embeddable":true,"href":"https:\/\/www.os-slivnica.si\/index.php?rest_route=%2Fwp%2Fv2%2Fcategories&post=14129"},{"taxonomy":"post_tag","embeddable":true,"href":"https:\/\/www.os-slivnica.si\/index.php?rest_route=%2Fwp%2Fv2%2Ftags&post=14129"}],"curies":[{"name":"wp","href":"https:\/\/api.w.org\/{rel}","templated":true}]}}