{"id":14116,"date":"2021-02-03T08:58:31","date_gmt":"2021-02-03T07:58:31","guid":{"rendered":"http:\/\/slivnica.splet.arnes.si\/?p=14116"},"modified":"2021-02-03T08:58:44","modified_gmt":"2021-02-03T07:58:44","slug":"vpis-solskih-novincev-2","status":"publish","type":"post","link":"https:\/\/www.os-slivnica.si\/?p=14116","title":{"rendered":"Vpis \u0161olskih novincev"},"content":{"rendered":"<p>Obvestilo star\u0161em \u0161olskih novincev!<\/p>\n<p>Obve\u0161\u010damo vas, da bo <strong>vpis \u0161olskih novincev O\u0160 Slivnica pri Celju<\/strong> za \u0161olsko leto 2021\/2022 potekal po naslednjem razporedu:<\/p>\n<ul>\n<li><strong>Gorica pri Slivnici : 10. 2. 2021\u00a0<\/strong><\/li>\n<li><strong>Loka pri \u017dusmu : 11. 2. 2021<\/strong><\/li>\n<li><strong>Prevorje : 12. 2. 2021<\/strong><\/li>\n<\/ul>\n<p>To\u010dno uro vpisa boste dobili po po\u0161ti. Prosimo \u0161e, da se zaradi trenutnih zdravstvenih razmer vpisa z otrokom udele\u017ei <strong>le eden od star\u0161ev. <\/strong>V primeru kakr\u0161nihkoli vpra\u0161anj me lahko pokli\u010dete na telefon 05 969 60 60.<\/p>\n<p>\u0160olska pedagoginja\u00a0 \u00a0 \u00a0 \u00a0Judita Leskov\u0161ek Andri\u010d<\/p>\n<p>&nbsp;<\/p>\n","protected":false},"excerpt":{"rendered":"<p>Obvestilo star\u0161em \u0161olskih novincev! Obve\u0161\u010damo vas, da bo vpis \u0161olskih novincev O\u0160 Slivnica pri Celju za \u0161olsko leto 2021\/2022 potekal po naslednjem razporedu: Gorica pri Slivnici : 10. 2. 2021\u00a0 Loka pri \u017dusmu : 11. 2. 2021 Prevorje : 12. 2. 2021 To\u010dno uro vpisa boste dobili po po\u0161ti. Prosimo \u0161e, da se zaradi trenutnih [&hellip;]<\/p>\n","protected":false},"author":7100,"featured_media":0,"comment_status":"closed","ping_status":"closed","sticky":false,"template":"","format":"standard","meta":{"_et_pb_use_builder":"","_et_pb_old_content":"","_et_gb_content_width":"","ngg_post_thumbnail":0,"footnotes":"","_expiration-date-status":"","_expiration-date":0,"_expiration-date-type":"","_expiration-date-categories":[],"_expiration-date-options":[]},"categories":[9],"tags":[],"class_list":["post-14116","post","type-post","status-publish","format-standard","hentry","category-aktualno","et-doesnt-have-format-content","et_post_format-et-post-format-standard"],"_links":{"self":[{"href":"https:\/\/www.os-slivnica.si\/index.php?rest_route=\/wp\/v2\/posts\/14116","targetHints":{"allow":["GET"]}}],"collection":[{"href":"https:\/\/www.os-slivnica.si\/index.php?rest_route=\/wp\/v2\/posts"}],"about":[{"href":"https:\/\/www.os-slivnica.si\/index.php?rest_route=\/wp\/v2\/types\/post"}],"author":[{"embeddable":true,"href":"https:\/\/www.os-slivnica.si\/index.php?rest_route=\/wp\/v2\/users\/7100"}],"replies":[{"embeddable":true,"href":"https:\/\/www.os-slivnica.si\/index.php?rest_route=%2Fwp%2Fv2%2Fcomments&post=14116"}],"version-history":[{"count":3,"href":"https:\/\/www.os-slivnica.si\/index.php?rest_route=\/wp\/v2\/posts\/14116\/revisions"}],"predecessor-version":[{"id":14120,"href":"https:\/\/www.os-slivnica.si\/index.php?rest_route=\/wp\/v2\/posts\/14116\/revisions\/14120"}],"wp:attachment":[{"href":"https:\/\/www.os-slivnica.si\/index.php?rest_route=%2Fwp%2Fv2%2Fmedia&parent=14116"}],"wp:term":[{"taxonomy":"category","embeddable":true,"href":"https:\/\/www.os-slivnica.si\/index.php?rest_route=%2Fwp%2Fv2%2Fcategories&post=14116"},{"taxonomy":"post_tag","embeddable":true,"href":"https:\/\/www.os-slivnica.si\/index.php?rest_route=%2Fwp%2Fv2%2Ftags&post=14116"}],"curies":[{"name":"wp","href":"https:\/\/api.w.org\/{rel}","templated":true}]}}