{"id":14096,"date":"2021-02-04T06:00:23","date_gmt":"2021-02-04T05:00:23","guid":{"rendered":"http:\/\/slivnica.splet.arnes.si\/?p=14096"},"modified":"2021-02-06T00:20:08","modified_gmt":"2021-02-05T23:20:08","slug":"ob-slovenskem-kulturnem-prazniku","status":"publish","type":"post","link":"https:\/\/www.os-slivnica.si\/?p=14096","title":{"rendered":"Ob slovenskem kulturnem prazniku"},"content":{"rendered":"<p style=\"margin: 0cm 0cm 8.0pt 0cm\"><span style=\"font-family: 'Arial',sans-serif;color: black\">8. februar je Pre\u0161ernov dan, praznik slovenske kulture. Slovenski dr\u017eavni praznik. To je dan, ko razmi\u0161ljamo o kulturi in o tem, kaj nam pomeni.<\/span><\/p>\n<p style=\"margin: 0cm 0cm 8.0pt 0cm\"><span style=\"font-family: 'Arial',sans-serif;color: black\">Vsa mo\u010d naroda izvira iz njegove kulture. Duhovna kultura ljudi se ka\u017ee predvsem v njihovem jeziku, obi\u010dajih in umetnosti.<\/span><\/p>\n<p style=\"margin: 0cm 0cm 8.0pt 0cm\"><span style=\"font-family: 'Arial',sans-serif;color: black\">H kulturi ljudi mnogo prispeva tudi \u0161ola. Kajti kultura ni le literatura, glasba, gledali\u0161\u010de in vse, kar si najpogosteje predstavljamo ob tej besedi. Prvi korak vsakega \u010dloveka na poti do kulture je na\u0161e obna\u0161anje v \u0161oli in drugje med ljudmi. Prizadevamo si, da bi bili zares kulturni<b> <\/b>ljudje, notranje bogati in plemeniti.<\/span><\/p>\n<p style=\"margin: 0cm 0cm 8.0pt 0cm\"><span style=\"font-family: 'Arial',sans-serif;color: black\">France Pre\u0161eren je pesnik, ki ga pozna vsak Slovenec. Njegove pesmi \u017ee mnogo desetletij oblikujejo slovensko narodno in kulturno zavest. Ostale so \u017eive do dana\u0161njih dni. Slovenci smo ponosni na Poezije, knjigo, ki obsega vse najbolj\u0161e, kar je spesnil. Tako je Pre\u0161eren slovensko pesni\u0161tvo in slovenski jezik, ki je do takrat veljal za manjvrednega, povzdignil na raven ostalih evropskih jezikov.\u00a0<\/span><\/p>\n<p style=\"margin: 0cm 0cm 8.0pt 0cm\"><span style=\"font-family: 'Arial',sans-serif;color: black\">Za Pre\u0161erna so bili najpomembnej\u0161i ideali znanje, delavnost, pravi\u010dnost in ljubezen. Verjel je v \u010dase, ki bodo njemu samemu in vsem Slovencem bolj naklonjeni.<br \/>\nVerjel je tudi, da bodo Slovenci neko\u010d dosegli samostojnost. Ta \u017eelja se je uresni\u010dila leta 1991. Takrat smo dobili svojo samostojno dr\u017eavo in svojo himno, 7. kitico Pre\u0161ernove Zdravljice.\u00a0<\/span><\/p>\n<p style=\"margin: 0cm 0cm 8.0pt 0cm\"><span style=\"font-family: 'Arial',sans-serif;color: black\">Nekatere Pre\u0161ernove znane pesmi so \u0161e: Vrba, Povodni mo\u017e, Krst pri Savici, Turja\u0161ka Rozamunda, Soneti nesre\u010de. Mnoge pesmi pa so nastale, ker ga je navdihovala ljubezen do dekleta. Najlep\u0161e sonete je posvetil svoji ljubljeni Primi\u010devi Juliji.<\/span><\/p>\n<p style=\"margin: 0cm 0cm 8.0pt 0cm\"><span style=\"font-family: 'Arial',sans-serif;color: black\">Zadnja leta svojega \u017eivljenja je kot samostojni odvetnik delal v Kranju, kjer je onemogel in bolan umrl 8. februarja 1849. V Kranju je tudi pokopan.<\/span><\/p>\n<p style=\"margin: 0cm 0cm 8.0pt 0cm\"><span style=\"font-family: 'Arial',sans-serif;color: black\">Prav dan Pre\u0161ernove smrti smo si Slovenci izbrali za svoj kulturni praznik.<\/span><\/p>\n<p><strong>U\u010denci O\u0160 Slivnica pri Celju so posneli Pre\u0161ernovo pesem O, Vrba, ki jo je uglasbil Miro Tomassini<\/strong><\/p>\n<p><a href=\"https:\/\/www.youtube.com\/watch?v=iCjRZwGXzNg\">Video si oglejte tukaj.<\/a><\/p>\n<p>&nbsp;<\/p>\n<h4><span style=\"color: #000000\"><strong>Leto 2021 razgla\u0161eno za leto skladatelja Josipa Ipavca<\/p>\n<p><\/strong><\/span><\/h4>\n<p>Ob 100-letnici smrti skladatelja Josipa Ipavca (1873\u20141921) je Vlada Republike Slovenije razglasila leto 2021 za leto Josipa Ipavca.\u00a0 V \u010dast temu se bo v ob\u010dini \u0160entjur odvilo ve\u010d dogodkov. Pri nekaterih sodelujejo tudi u\u010denci O\u0160 Slivnica pri Celju.<\/p>\n<p>Josip Ipavec je s svojim glasbenim delovanjem pustil pomemben pe\u010dat v zgodovini glasbe. Med njegove najpomembnej\u0161e stvaritve sodita baletna pantomima Mo\u017ei\u010dek in opereta Princesa Vrtoglavka. Sicer pa je najve\u010d pisal samospeve.<\/p>\n<p>Josip Ipavec je sin skladatelja Gustava Ipavca, znanega predvsem po pesmi Slovenec sem. Del te pomembne glasbene dru\u017eine pa je tudi Benjamin Ipavec, stric Josipa Ipavca, ki je uglasbil pesem Domovini.<\/p>\n<p>Vsi trije skladatelji so poleg glasbenega ustvarjanja opravljali \u0161e zdravni\u0161ki poklic. Predvsem pa so bili vsi veliki domoljubi. Njihova rojstna hi\u0161a stoji v Zgornjem trgu v \u0160entjurju, kjer je danes urejen\u00a0<a href=\"https:\/\/www.turizem-sentjur.com\/Kulturna-dediscina\/Ipavceva-hisa_1\/\"> muzej o skladateljih Ipavcih<\/a>.<\/p>\n<p>Ve\u010d o Josipu Ipavcu lahko preberete<a href=\"https:\/\/turizem-sentjur.com\/Kulturna-dediscina\/Josip-Ipavec-1873--1921\/\"> tukaj<\/a>.<\/p>\n","protected":false},"excerpt":{"rendered":"<p>8. februar je Pre\u0161ernov dan, praznik slovenske kulture. Slovenski dr\u017eavni praznik. To je dan, ko razmi\u0161ljamo o kulturi in o tem, kaj nam pomeni. Vsa mo\u010d naroda izvira iz njegove kulture. Duhovna kultura ljudi se ka\u017ee predvsem v njihovem jeziku, obi\u010dajih in umetnosti. H kulturi ljudi mnogo prispeva tudi \u0161ola. Kajti kultura ni le literatura, [&hellip;]<\/p>\n","protected":false},"author":25171,"featured_media":0,"comment_status":"closed","ping_status":"closed","sticky":false,"template":"","format":"standard","meta":{"_et_pb_use_builder":"","_et_pb_old_content":"","_et_gb_content_width":"","ngg_post_thumbnail":0,"footnotes":"","_expiration-date-status":"","_expiration-date":0,"_expiration-date-type":"","_expiration-date-categories":[],"_expiration-date-options":[]},"categories":[9],"tags":[],"class_list":["post-14096","post","type-post","status-publish","format-standard","hentry","category-aktualno","et-doesnt-have-format-content","et_post_format-et-post-format-standard"],"_links":{"self":[{"href":"https:\/\/www.os-slivnica.si\/index.php?rest_route=\/wp\/v2\/posts\/14096","targetHints":{"allow":["GET"]}}],"collection":[{"href":"https:\/\/www.os-slivnica.si\/index.php?rest_route=\/wp\/v2\/posts"}],"about":[{"href":"https:\/\/www.os-slivnica.si\/index.php?rest_route=\/wp\/v2\/types\/post"}],"author":[{"embeddable":true,"href":"https:\/\/www.os-slivnica.si\/index.php?rest_route=\/wp\/v2\/users\/25171"}],"replies":[{"embeddable":true,"href":"https:\/\/www.os-slivnica.si\/index.php?rest_route=%2Fwp%2Fv2%2Fcomments&post=14096"}],"version-history":[{"count":14,"href":"https:\/\/www.os-slivnica.si\/index.php?rest_route=\/wp\/v2\/posts\/14096\/revisions"}],"predecessor-version":[{"id":14150,"href":"https:\/\/www.os-slivnica.si\/index.php?rest_route=\/wp\/v2\/posts\/14096\/revisions\/14150"}],"wp:attachment":[{"href":"https:\/\/www.os-slivnica.si\/index.php?rest_route=%2Fwp%2Fv2%2Fmedia&parent=14096"}],"wp:term":[{"taxonomy":"category","embeddable":true,"href":"https:\/\/www.os-slivnica.si\/index.php?rest_route=%2Fwp%2Fv2%2Fcategories&post=14096"},{"taxonomy":"post_tag","embeddable":true,"href":"https:\/\/www.os-slivnica.si\/index.php?rest_route=%2Fwp%2Fv2%2Ftags&post=14096"}],"curies":[{"name":"wp","href":"https:\/\/api.w.org\/{rel}","templated":true}]}}