{"id":14089,"date":"2021-01-29T14:24:32","date_gmt":"2021-01-29T13:24:32","guid":{"rendered":"http:\/\/slivnica.splet.arnes.si\/?p=14089"},"modified":"2021-01-29T14:24:32","modified_gmt":"2021-01-29T13:24:32","slug":"pouk-za-ucence-od-1-do-3-razreda-v-tednu-od-1-do-5-februarja","status":"publish","type":"post","link":"https:\/\/www.os-slivnica.si\/?p=14089","title":{"rendered":"Pouk za u\u010dence od 1. do 3. razreda v tednu od 1. do 5. februarja"},"content":{"rendered":"<p>Spo\u0161tovani star\u0161i!<\/p>\n<p>Z veseljem vam sporo\u010damo, da bomo pouk za u\u010dence 1. do 3. razreda izvajali <strong>v \u0161oli tudi v ponedeljek, 1. 2. 2021.<\/strong><\/p>\n<p>Predsednik Vlade RS je danes na tiskovni konferenci sporo\u010dil, da se bo \u0161e danes spremenjen Odlok o za\u010dasni prepovedi zbiranja ljudi v zavodih s podro\u010dja vzgoje in izobra\u017eevanja s katerim, bo omogo\u010deno, da poteka pouk v \u0161oli za u\u010dence 1. do 3. razreda, \u010de \u0161ola lahko zagotovi hkratno izvedbo pouka in testiranja zaposlenih.<\/p>\n<p><strong>Tako bo prihodnjin teden potekal pouk za u\u010dence od 1. do 3. razreda v \u0161oli, organizacija dela bo enaka kot je bila ta teden. <\/strong><\/p>\n<p>Hvala za razumevanje,\u00a0 ravnateljica Marjeta Ko\u0161ak<\/p>\n","protected":false},"excerpt":{"rendered":"<p>Spo\u0161tovani star\u0161i! Z veseljem vam sporo\u010damo, da bomo pouk za u\u010dence 1. do 3. razreda izvajali v \u0161oli tudi v ponedeljek, 1. 2. 2021. Predsednik Vlade RS je danes na tiskovni konferenci sporo\u010dil, da se bo \u0161e danes spremenjen Odlok o za\u010dasni prepovedi zbiranja ljudi v zavodih s podro\u010dja vzgoje in izobra\u017eevanja s katerim, bo [&hellip;]<\/p>\n","protected":false},"author":5705,"featured_media":0,"comment_status":"closed","ping_status":"closed","sticky":false,"template":"","format":"standard","meta":{"_et_pb_use_builder":"","_et_pb_old_content":"","_et_gb_content_width":"","ngg_post_thumbnail":0,"footnotes":"","_expiration-date-status":"","_expiration-date":0,"_expiration-date-type":"","_expiration-date-categories":[],"_expiration-date-options":[]},"categories":[9],"tags":[],"class_list":["post-14089","post","type-post","status-publish","format-standard","hentry","category-aktualno","et-doesnt-have-format-content","et_post_format-et-post-format-standard"],"_links":{"self":[{"href":"https:\/\/www.os-slivnica.si\/index.php?rest_route=\/wp\/v2\/posts\/14089","targetHints":{"allow":["GET"]}}],"collection":[{"href":"https:\/\/www.os-slivnica.si\/index.php?rest_route=\/wp\/v2\/posts"}],"about":[{"href":"https:\/\/www.os-slivnica.si\/index.php?rest_route=\/wp\/v2\/types\/post"}],"author":[{"embeddable":true,"href":"https:\/\/www.os-slivnica.si\/index.php?rest_route=\/wp\/v2\/users\/5705"}],"replies":[{"embeddable":true,"href":"https:\/\/www.os-slivnica.si\/index.php?rest_route=%2Fwp%2Fv2%2Fcomments&post=14089"}],"version-history":[{"count":1,"href":"https:\/\/www.os-slivnica.si\/index.php?rest_route=\/wp\/v2\/posts\/14089\/revisions"}],"predecessor-version":[{"id":14090,"href":"https:\/\/www.os-slivnica.si\/index.php?rest_route=\/wp\/v2\/posts\/14089\/revisions\/14090"}],"wp:attachment":[{"href":"https:\/\/www.os-slivnica.si\/index.php?rest_route=%2Fwp%2Fv2%2Fmedia&parent=14089"}],"wp:term":[{"taxonomy":"category","embeddable":true,"href":"https:\/\/www.os-slivnica.si\/index.php?rest_route=%2Fwp%2Fv2%2Fcategories&post=14089"},{"taxonomy":"post_tag","embeddable":true,"href":"https:\/\/www.os-slivnica.si\/index.php?rest_route=%2Fwp%2Fv2%2Ftags&post=14089"}],"curies":[{"name":"wp","href":"https:\/\/api.w.org\/{rel}","templated":true}]}}