{"id":14079,"date":"2021-01-28T19:25:57","date_gmt":"2021-01-28T18:25:57","guid":{"rendered":"http:\/\/slivnica.splet.arnes.si\/?p=14079"},"modified":"2021-01-28T20:16:36","modified_gmt":"2021-01-28T19:16:36","slug":"organizacija-pouka-prihodnji-teden","status":"publish","type":"post","link":"https:\/\/www.os-slivnica.si\/?p=14079","title":{"rendered":"Organizacija pouka prihodnji teden"},"content":{"rendered":"<p>Spo\u0161tovani star\u0161i!<\/p>\n<p>Vlada RS je danes, v \u010detrtek, 28. 1. 2021, sprejela spremenjen Odlok o za\u010dasni prepovedi zbiranja ljudi v zavodih s podro\u010dja vzgoje in izobra\u017eevanja. Na\u0161a \u0161ola spada v Savinjsko regijo za katero velja, da se bo pouk za u\u010dence od 1. do 3. razreda prihodnji teden izvajal na naslednji na\u010din:<\/p>\n<ul>\n<li><strong><u>v ponedeljek, 1. 2. 2021,<\/u><\/strong> ostanejo u\u010denci doma in bodo imeli pouk <strong><u>na daljavo, <\/u><\/strong><\/li>\n<li><strong><u>od torka, 2. 2. 2021<\/u><\/strong> dalje pa bo pouk potekal <strong><u>v \u0161oli.<\/u><\/strong><\/li>\n<\/ul>\n<p>Zavedamo se, da boste imeli nekateri star\u0161i v ponedeljek te\u017eave z varstvom otrok in Vlada RS je v novem odloku predvidela mo\u017enost nujnega varstva za u\u010dence.<\/p>\n<p><strong>Nujno varstvo bo za u\u010dence I. triletja<\/strong> <strong>na \u0161oli v ponedeljek, 1. 2. 2021, mogo\u010de <\/strong><\/p>\n<p><strong>v \u010dasu od 6.00 do 16.00 na mati\u010dni \u0161oli in <\/strong><\/p>\n<p><strong>v \u010dasu od 6.30 do 15.30 na podru\u017enicah<\/strong><\/p>\n<p><strong>izklju\u010dno na osnovi prijave, ki jo opravite v petek, 29. 1. 2021, do 12. ure po telefonu 05 969 6050 ali na elektronski naslov <a href=\"mailto:tajnistvo@slivnica.si\">tajnistvo@slivnica.si<\/a> . <\/strong><\/p>\n<p>Nujno varstvo se izvaja za u\u010dence\/u\u010denke, katerih oba star\u0161a ali eden od star\u0161ev, \u010de je samohranilec, sta zaposlena v sektorjih kriti\u010dne infrastrukture (sektor energetike, sektor prometa, sektor prehrane, sektor preskrbe s pitno vodo, sektor zdravstva, sektor financ, sektor varovanja okolja ter sektor informacijsko-komunikacijskih omre\u017eij in sistemov), v zavodih s podro\u010dja vzgoje in izobra\u017eevanja, zavodih s podro\u010dja socialne varnosti, v Slovenski vojski in Policiji. <strong>Upravi\u010denost se ugotavlja na podlagi potrdila delodajalca, zato ustrezno potrdilo delodajalca o zaposlitvi po\u0161ljite v petek, 29. 1. 2021, do 15. ure na elektronski naslov: <a href=\"mailto:tajnistvo@slivnica.si\">tajnistvo@slivnica.si<\/a><\/strong><\/p>\n<p>Ostanimo zdravi in razmi\u0161ljajmo pozitivno.\u00a0\u00a0\u00a0\u00a0\u00a0\u00a0\u00a0\u00a0\u00a0\u00a0\u00a0\u00a0\u00a0\u00a0\u00a0\u00a0\u00a0\u00a0\u00a0\u00a0\u00a0\u00a0\u00a0\u00a0\u00a0\u00a0\u00a0\u00a0\u00a0\u00a0\u00a0\u00a0\u00a0\u00a0\u00a0\u00a0\u00a0\u00a0\u00a0\u00a0\u00a0\u00a0\u00a0\u00a0\u00a0\u00a0\u00a0\u00a0\u00a0\u00a0\u00a0\u00a0\u00a0\u00a0\u00a0\u00a0\u00a0\u00a0\u00a0\u00a0\u00a0\u00a0\u00a0\u00a0\u00a0\u00a0\u00a0 Ravnateljica\u00a0 Marjeta Ko\u0161ak<\/p>\n","protected":false},"excerpt":{"rendered":"<p>Spo\u0161tovani star\u0161i! Vlada RS je danes, v \u010detrtek, 28. 1. 2021, sprejela spremenjen Odlok o za\u010dasni prepovedi zbiranja ljudi v zavodih s podro\u010dja vzgoje in izobra\u017eevanja. Na\u0161a \u0161ola spada v Savinjsko regijo za katero velja, da se bo pouk za u\u010dence od 1. do 3. razreda prihodnji teden izvajal na naslednji na\u010din: v ponedeljek, 1. [&hellip;]<\/p>\n","protected":false},"author":5705,"featured_media":0,"comment_status":"closed","ping_status":"closed","sticky":false,"template":"","format":"standard","meta":{"_et_pb_use_builder":"","_et_pb_old_content":"","_et_gb_content_width":"","ngg_post_thumbnail":0,"footnotes":"","_expiration-date-status":"","_expiration-date":0,"_expiration-date-type":"","_expiration-date-categories":[],"_expiration-date-options":[]},"categories":[9],"tags":[],"class_list":["post-14079","post","type-post","status-publish","format-standard","hentry","category-aktualno","et-doesnt-have-format-content","et_post_format-et-post-format-standard"],"_links":{"self":[{"href":"https:\/\/www.os-slivnica.si\/index.php?rest_route=\/wp\/v2\/posts\/14079","targetHints":{"allow":["GET"]}}],"collection":[{"href":"https:\/\/www.os-slivnica.si\/index.php?rest_route=\/wp\/v2\/posts"}],"about":[{"href":"https:\/\/www.os-slivnica.si\/index.php?rest_route=\/wp\/v2\/types\/post"}],"author":[{"embeddable":true,"href":"https:\/\/www.os-slivnica.si\/index.php?rest_route=\/wp\/v2\/users\/5705"}],"replies":[{"embeddable":true,"href":"https:\/\/www.os-slivnica.si\/index.php?rest_route=%2Fwp%2Fv2%2Fcomments&post=14079"}],"version-history":[{"count":7,"href":"https:\/\/www.os-slivnica.si\/index.php?rest_route=\/wp\/v2\/posts\/14079\/revisions"}],"predecessor-version":[{"id":14087,"href":"https:\/\/www.os-slivnica.si\/index.php?rest_route=\/wp\/v2\/posts\/14079\/revisions\/14087"}],"wp:attachment":[{"href":"https:\/\/www.os-slivnica.si\/index.php?rest_route=%2Fwp%2Fv2%2Fmedia&parent=14079"}],"wp:term":[{"taxonomy":"category","embeddable":true,"href":"https:\/\/www.os-slivnica.si\/index.php?rest_route=%2Fwp%2Fv2%2Fcategories&post=14079"},{"taxonomy":"post_tag","embeddable":true,"href":"https:\/\/www.os-slivnica.si\/index.php?rest_route=%2Fwp%2Fv2%2Ftags&post=14079"}],"curies":[{"name":"wp","href":"https:\/\/api.w.org\/{rel}","templated":true}]}}