{"id":14049,"date":"2021-01-22T17:57:06","date_gmt":"2021-01-22T16:57:06","guid":{"rendered":"http:\/\/slivnica.splet.arnes.si\/?p=14049"},"modified":"2021-01-22T18:01:02","modified_gmt":"2021-01-22T17:01:02","slug":"pouk-ucencev-1-do-3-razreda-v-soli","status":"publish","type":"post","link":"https:\/\/www.os-slivnica.si\/?p=14049","title":{"rendered":"Pouk u\u010dencev 1. do 3. razreda v \u0161oli"},"content":{"rendered":"<p>Spo\u0161tovani star\u0161i!<\/p>\n<p>V skladu z odlokom Vlade Republike Slovenije se v torek, 26. 1. 2021,\u00a0 za\u010dne \u00a0pouk za u\u010dence 1., 2. in 3. razredov v prostorih \u0161ole.\u00a0Veselimo se, \u00a0da bodo ponovno va\u0161i otroci v \u0161oli. \u00a0V \u0161olo se vrnejo vsi zdravi u\u010denci.<\/p>\n<p>Organizacija vzgojno-izobra\u017eevalnega\u00a0 dela v Gorici pri Slivnici \u00a0bo potekala podobno kot v jeseni.<\/p>\n<ul>\n<li>Jutranje varstvo bomo izvajali za otroke, ki potrebujejo varstvo. Potekalo bo v u\u010dilnici \u0161t. 6 (prva u\u010dilnica spodaj levo) od 6.00 dalje.<\/li>\n<li>Vsi ostali otroci pridejo v \u0161olo ob 7. 45.<\/li>\n<li>V garderobi bo odrasla oseba, ki bo usmerila u\u010dence v mati\u010dne u\u010dilnice.<\/li>\n<li>Za otroke, ki potrebujejo varstvo po kon\u010danem pouku, bomo organizirali podalj\u0161ano bivanje.<\/li>\n<li>Ve\u010d informacij bodo podale razredni\u010darke na sestankih, ki bodo v ponedeljek.<\/li>\n<\/ul>\n<p>Za u\u010dence bomo pripravili vse obroke, ki jih imajo naro\u010dene. <strong>V primeru, da u\u010denec ne bo jedel, star\u0161i odjavite obroke v ponedeljek, 25. 1. 2021.<\/strong><\/p>\n<p>Za u\u010dence 2. in 3. razredov bomo organizirali \u0161olski prevoz. V skladu s priporo\u010dili je potrebno na avtobusu nositi masko, pred vstopom pa si u\u010denci razku\u017eijo roke.<\/p>\n<p>Vozni red:<\/p>\n<p>smer Loka pri \u017dusmu:\u00a0\u00a0\u00a0\u00a0\u00a0 7.00\u00a0\u2013\u00a07.07\u00a0-7.12\u2013 7.15\u00a0\u00a0\u00a0\u00a0Cerovec (\u017durej) \u2013\u00a0Dobrina\u00a0\u2013 Loka \u2013 Loka (Gaj\u0161ek)<\/p>\n<p>7.15\u00a0\u00a0\u2013 7.17 \u2013 7.25 \u2013 7.40\u00a0\u00a0\u00a0Loka (Gaj\u0161ek) \u2013 Loka\u00a0 \u2013 Vol\u010dja Jama \u2013 Gorica pri Slivnici.<\/p>\n<p>Popoldan razvoz:\u00a0\u00a0\u00a0 12.40 \u2013 Gorica pri Slivnici \u2013 Vol\u010dja Jama \u2013 Loka pri \u017dusmu<\/p>\n<p>smer Prevorje:\u00a0 \u00a07.20\u00a0\u2013\u00a07.35\u00a0&#8211; 7.45\u00a0\u00a0\u00a0Paridol \u2013\u00a0Podjezerce\u00a0\u2013 Gorica pri Slivnici<\/p>\n<p>12.40 \u2013 Podjezerce \u2013 Vezovje \u2013 Turno &#8211; Paridol &#8211; Prevorje<\/p>\n<p>Spo\u0161tovani star\u0161i, ob koncu obdobja pouka na daljavo se vam najlep\u0161e zahvaljujemo za va\u0161e sodelovanje in vklju\u010denje v izobra\u017eevanje va\u0161ih otrok.\u00a0\u00a0\u00a0\u00a0\u00a0 Ravnateljica Marjeta Ko\u0161ak<\/p>\n","protected":false},"excerpt":{"rendered":"<p>Spo\u0161tovani star\u0161i! V skladu z odlokom Vlade Republike Slovenije se v torek, 26. 1. 2021,\u00a0 za\u010dne \u00a0pouk za u\u010dence 1., 2. in 3. razredov v prostorih \u0161ole.\u00a0Veselimo se, \u00a0da bodo ponovno va\u0161i otroci v \u0161oli. \u00a0V \u0161olo se vrnejo vsi zdravi u\u010denci. Organizacija vzgojno-izobra\u017eevalnega\u00a0 dela v Gorici pri Slivnici \u00a0bo potekala podobno kot v jeseni. [&hellip;]<\/p>\n","protected":false},"author":5705,"featured_media":0,"comment_status":"closed","ping_status":"closed","sticky":false,"template":"","format":"standard","meta":{"_et_pb_use_builder":"","_et_pb_old_content":"","_et_gb_content_width":"","ngg_post_thumbnail":0,"footnotes":"","_expiration-date-status":"","_expiration-date":0,"_expiration-date-type":"","_expiration-date-categories":[],"_expiration-date-options":[]},"categories":[9],"tags":[],"class_list":["post-14049","post","type-post","status-publish","format-standard","hentry","category-aktualno","et-doesnt-have-format-content","et_post_format-et-post-format-standard"],"_links":{"self":[{"href":"https:\/\/www.os-slivnica.si\/index.php?rest_route=\/wp\/v2\/posts\/14049","targetHints":{"allow":["GET"]}}],"collection":[{"href":"https:\/\/www.os-slivnica.si\/index.php?rest_route=\/wp\/v2\/posts"}],"about":[{"href":"https:\/\/www.os-slivnica.si\/index.php?rest_route=\/wp\/v2\/types\/post"}],"author":[{"embeddable":true,"href":"https:\/\/www.os-slivnica.si\/index.php?rest_route=\/wp\/v2\/users\/5705"}],"replies":[{"embeddable":true,"href":"https:\/\/www.os-slivnica.si\/index.php?rest_route=%2Fwp%2Fv2%2Fcomments&post=14049"}],"version-history":[{"count":4,"href":"https:\/\/www.os-slivnica.si\/index.php?rest_route=\/wp\/v2\/posts\/14049\/revisions"}],"predecessor-version":[{"id":14054,"href":"https:\/\/www.os-slivnica.si\/index.php?rest_route=\/wp\/v2\/posts\/14049\/revisions\/14054"}],"wp:attachment":[{"href":"https:\/\/www.os-slivnica.si\/index.php?rest_route=%2Fwp%2Fv2%2Fmedia&parent=14049"}],"wp:term":[{"taxonomy":"category","embeddable":true,"href":"https:\/\/www.os-slivnica.si\/index.php?rest_route=%2Fwp%2Fv2%2Fcategories&post=14049"},{"taxonomy":"post_tag","embeddable":true,"href":"https:\/\/www.os-slivnica.si\/index.php?rest_route=%2Fwp%2Fv2%2Ftags&post=14049"}],"curies":[{"name":"wp","href":"https:\/\/api.w.org\/{rel}","templated":true}]}}