{"id":14022,"date":"2021-01-16T09:35:52","date_gmt":"2021-01-16T08:35:52","guid":{"rendered":"http:\/\/slivnica.splet.arnes.si\/?p=14022"},"modified":"2021-01-16T09:36:35","modified_gmt":"2021-01-16T08:36:35","slug":"zimske-radosti-na-prevorju-2","status":"publish","type":"post","link":"https:\/\/www.os-slivnica.si\/?p=14022","title":{"rendered":"Zimske radosti na Prevorju"},"content":{"rendered":"<p><img decoding=\"async\" class=\"gs-image gs-image-scalable aligncenter\" title=\"Smu\u010darski sejem \u2013 O\u0160 Ljudski vrt Ptuj\" src=\"https:\/\/encrypted-tbn0.gstatic.com\/images?q=tbn:ANd9GcT0EbGvEaPUKPQUiRRFVUd87RHL-jXQlddpyhBXgnIUltffM38P&amp;s\" alt=\"Smu\u010darski sejem \u2013 O\u0160 Ljudski vrt Ptuj\" \/><\/p>\n<p style=\"text-align: center\"><em><strong>\u00a0\u00a0\u00a0\u00a0\u00a0\u00a0\u00a0\u00a0 Zima bela je vesela,<\/strong><\/em><\/p>\n<p>\u00a0\u00a0\u00a0\u00a0\u00a0\u00a0\u00a0\u00a0\u00a0\u00a0\u00a0\u00a0\u00a0\u00a0\u00a0\u00a0\u00a0\u00a0\u00a0\u00a0\u00a0\u00a0\u00a0\u00a0\u00a0\u00a0\u00a0\u00a0\u00a0\u00a0\u00a0\u00a0\u00a0\u00a0\u00a0\u00a0\u00a0\u00a0\u00a0\u00a0\u00a0\u00a0\u00a0\u00a0\u00a0\u00a0\u00a0\u00a0\u00a0\u00a0\u00a0\u00a0\u00a0\u00a0\u00a0\u00a0\u00a0\u00a0\u00a0\u00a0\u00a0\u00a0\u00a0\u00a0\u00a0\u00a0\u00a0\u00a0\u00a0\u00a0\u00a0\u00a0\u00a0\u00a0\u00a0\u00a0\u00a0\u00a0\u00a0\u00a0\u00a0 <em><strong>zimsko pesmico zapela,<\/strong><\/em><\/p>\n<p style=\"text-align: center\"><em><strong>\u00a0 v <em>sne\u017ene \u010de<\/em>vlje se obula,<\/strong><\/em><\/p>\n<p style=\"text-align: center\"><em><strong>nam sne\u017eink nebroj nasula.<\/strong> (M. Holc)<\/em><\/p>\n<p>V <strong>torek, 12. januarja,<\/strong> smo tudi <strong>na Prevorju izvedli zimski \u0161portni dan na daljavo<\/strong>, ki je u\u010dencem zelo dobro del. Ugasnili smo ra\u010dunalnike in se s sankami, lopatkami ter kro\u017eniki podali na doma\u010de zasne\u017eene strmine. Iz snega smo naredili razli\u010dne sne\u017ene skulpture, se kepali, sprostili in u\u017eivali v zimskih radostih. V sredo pa smo ponovno zakorakali novim izzivom naproti.<\/p>\n<p style=\"text-align: center\">ngg_shortcode_0_placeholder<\/p>\n<p>&nbsp;<\/p>\n","protected":false},"excerpt":{"rendered":"<p>\u00a0\u00a0\u00a0\u00a0\u00a0\u00a0\u00a0\u00a0 Zima bela je vesela, \u00a0\u00a0\u00a0\u00a0\u00a0\u00a0\u00a0\u00a0\u00a0\u00a0\u00a0\u00a0\u00a0\u00a0\u00a0\u00a0\u00a0\u00a0\u00a0\u00a0\u00a0\u00a0\u00a0\u00a0\u00a0\u00a0\u00a0\u00a0\u00a0\u00a0\u00a0\u00a0\u00a0\u00a0\u00a0\u00a0\u00a0\u00a0\u00a0\u00a0\u00a0\u00a0\u00a0\u00a0\u00a0\u00a0\u00a0\u00a0\u00a0\u00a0\u00a0\u00a0\u00a0\u00a0\u00a0\u00a0\u00a0\u00a0\u00a0\u00a0\u00a0\u00a0\u00a0\u00a0\u00a0\u00a0\u00a0\u00a0\u00a0\u00a0\u00a0\u00a0\u00a0\u00a0\u00a0\u00a0\u00a0\u00a0\u00a0\u00a0\u00a0 zimsko pesmico zapela, \u00a0 v sne\u017ene \u010devlje se obula, nam sne\u017eink nebroj nasula. (M. Holc) V torek, 12. januarja, smo tudi na Prevorju izvedli zimski \u0161portni dan na daljavo, ki je u\u010dencem zelo dobro del. Ugasnili smo ra\u010dunalnike in se s sankami, lopatkami ter kro\u017eniki podali na doma\u010de zasne\u017eene [&hellip;]<\/p>\n","protected":false},"author":6009,"featured_media":0,"comment_status":"closed","ping_status":"closed","sticky":false,"template":"","format":"standard","meta":{"_et_pb_use_builder":"","_et_pb_old_content":"","_et_gb_content_width":"","ngg_post_thumbnail":0,"footnotes":"","_expiration-date-status":"","_expiration-date":0,"_expiration-date-type":"","_expiration-date-categories":[],"_expiration-date-options":[]},"categories":[9,11],"tags":[],"class_list":["post-14022","post","type-post","status-publish","format-standard","hentry","category-aktualno","category-ps-prevorje","et-doesnt-have-format-content","et_post_format-et-post-format-standard"],"_links":{"self":[{"href":"https:\/\/www.os-slivnica.si\/index.php?rest_route=\/wp\/v2\/posts\/14022","targetHints":{"allow":["GET"]}}],"collection":[{"href":"https:\/\/www.os-slivnica.si\/index.php?rest_route=\/wp\/v2\/posts"}],"about":[{"href":"https:\/\/www.os-slivnica.si\/index.php?rest_route=\/wp\/v2\/types\/post"}],"author":[{"embeddable":true,"href":"https:\/\/www.os-slivnica.si\/index.php?rest_route=\/wp\/v2\/users\/6009"}],"replies":[{"embeddable":true,"href":"https:\/\/www.os-slivnica.si\/index.php?rest_route=%2Fwp%2Fv2%2Fcomments&post=14022"}],"version-history":[{"count":3,"href":"https:\/\/www.os-slivnica.si\/index.php?rest_route=\/wp\/v2\/posts\/14022\/revisions"}],"predecessor-version":[{"id":14025,"href":"https:\/\/www.os-slivnica.si\/index.php?rest_route=\/wp\/v2\/posts\/14022\/revisions\/14025"}],"wp:attachment":[{"href":"https:\/\/www.os-slivnica.si\/index.php?rest_route=%2Fwp%2Fv2%2Fmedia&parent=14022"}],"wp:term":[{"taxonomy":"category","embeddable":true,"href":"https:\/\/www.os-slivnica.si\/index.php?rest_route=%2Fwp%2Fv2%2Fcategories&post=14022"},{"taxonomy":"post_tag","embeddable":true,"href":"https:\/\/www.os-slivnica.si\/index.php?rest_route=%2Fwp%2Fv2%2Ftags&post=14022"}],"curies":[{"name":"wp","href":"https:\/\/api.w.org\/{rel}","templated":true}]}}