{"id":14010,"date":"2021-01-11T19:55:41","date_gmt":"2021-01-11T18:55:41","guid":{"rendered":"http:\/\/slivnica.splet.arnes.si\/?p=14010"},"modified":"2021-01-18T12:40:41","modified_gmt":"2021-01-18T11:40:41","slug":"solski-plesni-festival-1-del","status":"publish","type":"post","link":"https:\/\/www.os-slivnica.si\/?p=14010","title":{"rendered":"\u0160olski plesni festival- 1. del"},"content":{"rendered":"<p>Pozdravljeni ljubitelji plesa.<\/p>\n<p>Tudi v leto\u0161njem \u0161olskem letu smo se vklju\u010dili v projekt \u0160olskega plesnega festivala (\u0160PF), ki deluje pod okriljem Plesne zveze Slovenije. Zaenkrat bodo plesne vaje potekale na daljavo, ko se vrnemo nazaj v \u0161olo bomo skupaj plesali na mati\u010dni \u0161oli v Gorici pri Slivnici.<\/p>\n<p>Nau\u010dili se boste lahko tri plese: HIP-HOP, LATINO IN POP. Plesne koreografije so razdeljene v tri skupine, po triadah. Plesne u\u010diteljice prihajajo iz <a href=\"https:\/\/www.tba-plesnicenter.si\/\" target=\"_blank\" rel=\"noopener noreferrer\">Plesnega centra TBA<\/a>, ki vas bodo vsak teden nau\u010dile kaj novega. Pou\u010devanje preko video vsebin bodo izvedle izku\u0161ene plesalke in mentorice: <a href=\"https:\/\/www.youtube.com\/watch?v=lWVEk9DyrkA&amp;feature=youtu.be\" target=\"_blank\" rel=\"noopener noreferrer\">Pia Jer\u0161i\u010d, Patricija Tan\u0161ek in Manca Langus.<\/a> To so mlade plesalke, ki so v svojih osnovno\u0161olskih letih tudi same plesale v sklopu projekta \u0160PF. Danes pa se lahko pohvalijo z vrhunskimi rezultati na podro\u010dju tekmovanja v modernih tekmovalnih plesih.<\/p>\n<p style=\"text-align: center\">Plesne koreografije so namenjene vsem vam. <b>Ve\u010d nas ple\u0161e, bolj\u0161a bo energija in skupaj bomo mo\u010dnej\u0161i.<\/b><\/p>\n<div><strong>1. VIDEO POP 1.-3. razred<\/strong><\/div>\n<div><a href=\"https:\/\/youtu.be\/2Qmt2Ff8_X0\">https:\/\/youtu.be\/2Qmt2Ff8_X0<\/a><\/div>\n<div>Glasba: Anabel- Klic stran<\/div>\n<div><\/div>\n<div style=\"text-align: center\"><strong>2. VIDEO HIP HOP 4.-6. razred\u00a0<\/strong><\/div>\n<div style=\"text-align: center\"><a href=\"https:\/\/youtu.be\/jdCrvqPbC9c\">https:\/\/youtu.be\/jdCrvqPbC9c<\/a><\/div>\n<div style=\"text-align: center\">Glasba: Missy Elliot- Throw it back<\/div>\n<div><\/div>\n<div><strong>3. VIDEO HIP HOP 7.-9. razred \u00a0<\/strong><\/div>\n<div><a href=\"https:\/\/youtu.be\/jjOBSWGcjkw\">https:\/\/youtu.be\/jjOBSWGcjkw<\/a><\/div>\n<div>Glasba: Gims- Hola senorita<\/div>\n<div><\/div>\n<div>\n<div style=\"text-align: center\"><span style=\"color: #000000\">Lep plesni pozdrav vam \u017eelimo,\u00a0<\/span><\/div>\n<div style=\"text-align: center\"><span style=\"color: #000000\">Ekipa Plesnega centra TBA &amp; u\u010diteljici Renata Kolar Krajnc in Nata\u0161a \u010cede<\/span><\/div>\n<\/div>\n","protected":false},"excerpt":{"rendered":"<p>Pozdravljeni ljubitelji plesa. Tudi v leto\u0161njem \u0161olskem letu smo se vklju\u010dili v projekt \u0160olskega plesnega festivala (\u0160PF), ki deluje pod okriljem Plesne zveze Slovenije. Zaenkrat bodo plesne vaje potekale na daljavo, ko se vrnemo nazaj v \u0161olo bomo skupaj plesali na mati\u010dni \u0161oli v Gorici pri Slivnici. Nau\u010dili se boste lahko tri plese: HIP-HOP, LATINO [&hellip;]<\/p>\n","protected":false},"author":5704,"featured_media":0,"comment_status":"closed","ping_status":"closed","sticky":false,"template":"","format":"standard","meta":{"_et_pb_use_builder":"","_et_pb_old_content":"","_et_gb_content_width":"","ngg_post_thumbnail":0,"footnotes":"","_expiration-date-status":"","_expiration-date":0,"_expiration-date-type":"","_expiration-date-categories":[],"_expiration-date-options":[]},"categories":[9],"tags":[],"class_list":["post-14010","post","type-post","status-publish","format-standard","hentry","category-aktualno","et-doesnt-have-format-content","et_post_format-et-post-format-standard"],"_links":{"self":[{"href":"https:\/\/www.os-slivnica.si\/index.php?rest_route=\/wp\/v2\/posts\/14010","targetHints":{"allow":["GET"]}}],"collection":[{"href":"https:\/\/www.os-slivnica.si\/index.php?rest_route=\/wp\/v2\/posts"}],"about":[{"href":"https:\/\/www.os-slivnica.si\/index.php?rest_route=\/wp\/v2\/types\/post"}],"author":[{"embeddable":true,"href":"https:\/\/www.os-slivnica.si\/index.php?rest_route=\/wp\/v2\/users\/5704"}],"replies":[{"embeddable":true,"href":"https:\/\/www.os-slivnica.si\/index.php?rest_route=%2Fwp%2Fv2%2Fcomments&post=14010"}],"version-history":[{"count":8,"href":"https:\/\/www.os-slivnica.si\/index.php?rest_route=\/wp\/v2\/posts\/14010\/revisions"}],"predecessor-version":[{"id":14039,"href":"https:\/\/www.os-slivnica.si\/index.php?rest_route=\/wp\/v2\/posts\/14010\/revisions\/14039"}],"wp:attachment":[{"href":"https:\/\/www.os-slivnica.si\/index.php?rest_route=%2Fwp%2Fv2%2Fmedia&parent=14010"}],"wp:term":[{"taxonomy":"category","embeddable":true,"href":"https:\/\/www.os-slivnica.si\/index.php?rest_route=%2Fwp%2Fv2%2Fcategories&post=14010"},{"taxonomy":"post_tag","embeddable":true,"href":"https:\/\/www.os-slivnica.si\/index.php?rest_route=%2Fwp%2Fv2%2Ftags&post=14010"}],"curies":[{"name":"wp","href":"https:\/\/api.w.org\/{rel}","templated":true}]}}