{"id":13991,"date":"2020-12-24T12:03:25","date_gmt":"2020-12-24T11:03:25","guid":{"rendered":"http:\/\/slivnica.splet.arnes.si\/?p=13991"},"modified":"2020-12-24T13:05:34","modified_gmt":"2020-12-24T12:05:34","slug":"obelezitev-praznikov-in-zakljucno-druzenje-ucencev-in-uciteljic-pos-loka","status":"publish","type":"post","link":"https:\/\/www.os-slivnica.si\/?p=13991","title":{"rendered":"Obele\u017eitev praznikov in zaklju\u010dno dru\u017eenje u\u010dencev in u\u010diteljic PO\u0160 Loka"},"content":{"rendered":"<p>Na zadnji dan pouka, 24. 12. 2020, smo se u\u010denci in u\u010diteljice PO\u0160 Loka dobili na zaklju\u010dnem video sre\u010danju. Najprej smo s kratkim kulturnim programom obele\u017eili prihajajo\u010de praznike, nato pa smo se malo pozabavali in zaplesali. Sre\u010danje smo zaklju\u010dili z lepimi vo\u0161\u010dili in \u017eeljami. ngg_shortcode_0_placeholder<\/p>\n","protected":false},"excerpt":{"rendered":"<p>Na zadnji dan pouka, 24. 12. 2020, smo se u\u010denci in u\u010diteljice PO\u0160 Loka dobili na zaklju\u010dnem video sre\u010danju. Najprej smo s kratkim kulturnim programom obele\u017eili prihajajo\u010de praznike, nato pa smo se malo pozabavali in zaplesali. Sre\u010danje smo zaklju\u010dili z lepimi vo\u0161\u010dili in \u017eeljami.<\/p>\n","protected":false},"author":6078,"featured_media":0,"comment_status":"closed","ping_status":"closed","sticky":false,"template":"","format":"standard","meta":{"_et_pb_use_builder":"","_et_pb_old_content":"","_et_gb_content_width":"","ngg_post_thumbnail":0,"footnotes":"","_expiration-date-status":"","_expiration-date":0,"_expiration-date-type":"","_expiration-date-categories":[],"_expiration-date-options":[]},"categories":[9,10],"tags":[],"class_list":["post-13991","post","type-post","status-publish","format-standard","hentry","category-aktualno","category-ps-loka","et-doesnt-have-format-content","et_post_format-et-post-format-standard"],"_links":{"self":[{"href":"https:\/\/www.os-slivnica.si\/index.php?rest_route=\/wp\/v2\/posts\/13991","targetHints":{"allow":["GET"]}}],"collection":[{"href":"https:\/\/www.os-slivnica.si\/index.php?rest_route=\/wp\/v2\/posts"}],"about":[{"href":"https:\/\/www.os-slivnica.si\/index.php?rest_route=\/wp\/v2\/types\/post"}],"author":[{"embeddable":true,"href":"https:\/\/www.os-slivnica.si\/index.php?rest_route=\/wp\/v2\/users\/6078"}],"replies":[{"embeddable":true,"href":"https:\/\/www.os-slivnica.si\/index.php?rest_route=%2Fwp%2Fv2%2Fcomments&post=13991"}],"version-history":[{"count":4,"href":"https:\/\/www.os-slivnica.si\/index.php?rest_route=\/wp\/v2\/posts\/13991\/revisions"}],"predecessor-version":[{"id":14003,"href":"https:\/\/www.os-slivnica.si\/index.php?rest_route=\/wp\/v2\/posts\/13991\/revisions\/14003"}],"wp:attachment":[{"href":"https:\/\/www.os-slivnica.si\/index.php?rest_route=%2Fwp%2Fv2%2Fmedia&parent=13991"}],"wp:term":[{"taxonomy":"category","embeddable":true,"href":"https:\/\/www.os-slivnica.si\/index.php?rest_route=%2Fwp%2Fv2%2Fcategories&post=13991"},{"taxonomy":"post_tag","embeddable":true,"href":"https:\/\/www.os-slivnica.si\/index.php?rest_route=%2Fwp%2Fv2%2Ftags&post=13991"}],"curies":[{"name":"wp","href":"https:\/\/api.w.org\/{rel}","templated":true}]}}