{"id":1393,"date":"2016-02-09T14:18:30","date_gmt":"2016-02-09T13:18:30","guid":{"rendered":"http:\/\/slivnica.splet.arnes.si\/?p=1393"},"modified":"2016-02-09T20:18:09","modified_gmt":"2016-02-09T19:18:09","slug":"obisk-iz-sarajeva","status":"publish","type":"post","link":"https:\/\/www.os-slivnica.si\/?p=1393","title":{"rendered":"Obisk iz Sarajeva"},"content":{"rendered":"<p style=\"text-align: justify\">V sklopu delegacije iz Sarajeva, ki se je udele\u017eila pohoda po poteh XIV. divizije sta bila tudi dva u\u010ditelja iz O\u0160 D\u017eemaludin \u010cau\u0161evi\u0107. Bila sta navdu\u0161ena nad opremo in dejavnostmi na\u0161e \u0161ole v kraju. Obiskala sta tudi mati\u010dno \u0161olo v Gorici, kjer sta se dogovorila za nadaljnje sodelovanje. Prvo manj\u0161o izmenjavo otrok pri\u010dakujemo ob 50-letnici mati\u010dne \u0161ole v mesecu juniju.<\/p>\n<p style=\"text-align: justify\">ngg_shortcode_0_placeholder<\/p>\n","protected":false},"excerpt":{"rendered":"<p>V sklopu delegacije iz Sarajeva, ki se je udele\u017eila pohoda po poteh XIV. divizije sta bila tudi dva u\u010ditelja iz O\u0160 D\u017eemaludin \u010cau\u0161evi\u0107. Bila sta navdu\u0161ena nad opremo in dejavnostmi na\u0161e \u0161ole v kraju. Obiskala sta tudi mati\u010dno \u0161olo v Gorici, kjer sta se dogovorila za nadaljnje sodelovanje. Prvo manj\u0161o izmenjavo otrok pri\u010dakujemo ob 50-letnici [&hellip;]<\/p>\n","protected":false},"author":6009,"featured_media":0,"comment_status":"closed","ping_status":"closed","sticky":false,"template":"","format":"standard","meta":{"_et_pb_use_builder":"","_et_pb_old_content":"","_et_gb_content_width":"","ngg_post_thumbnail":0,"footnotes":"","_expiration-date-status":"","_expiration-date":0,"_expiration-date-type":"","_expiration-date-categories":[],"_expiration-date-options":[]},"categories":[11],"tags":[],"class_list":["post-1393","post","type-post","status-publish","format-standard","hentry","category-ps-prevorje","et-doesnt-have-format-content","et_post_format-et-post-format-standard"],"_links":{"self":[{"href":"https:\/\/www.os-slivnica.si\/index.php?rest_route=\/wp\/v2\/posts\/1393","targetHints":{"allow":["GET"]}}],"collection":[{"href":"https:\/\/www.os-slivnica.si\/index.php?rest_route=\/wp\/v2\/posts"}],"about":[{"href":"https:\/\/www.os-slivnica.si\/index.php?rest_route=\/wp\/v2\/types\/post"}],"author":[{"embeddable":true,"href":"https:\/\/www.os-slivnica.si\/index.php?rest_route=\/wp\/v2\/users\/6009"}],"replies":[{"embeddable":true,"href":"https:\/\/www.os-slivnica.si\/index.php?rest_route=%2Fwp%2Fv2%2Fcomments&post=1393"}],"version-history":[{"count":3,"href":"https:\/\/www.os-slivnica.si\/index.php?rest_route=\/wp\/v2\/posts\/1393\/revisions"}],"predecessor-version":[{"id":1401,"href":"https:\/\/www.os-slivnica.si\/index.php?rest_route=\/wp\/v2\/posts\/1393\/revisions\/1401"}],"wp:attachment":[{"href":"https:\/\/www.os-slivnica.si\/index.php?rest_route=%2Fwp%2Fv2%2Fmedia&parent=1393"}],"wp:term":[{"taxonomy":"category","embeddable":true,"href":"https:\/\/www.os-slivnica.si\/index.php?rest_route=%2Fwp%2Fv2%2Fcategories&post=1393"},{"taxonomy":"post_tag","embeddable":true,"href":"https:\/\/www.os-slivnica.si\/index.php?rest_route=%2Fwp%2Fv2%2Ftags&post=1393"}],"curies":[{"name":"wp","href":"https:\/\/api.w.org\/{rel}","templated":true}]}}