{"id":13923,"date":"2020-12-18T14:46:04","date_gmt":"2020-12-18T13:46:04","guid":{"rendered":"http:\/\/slivnica.splet.arnes.si\/?p=13923"},"modified":"2020-12-18T14:46:04","modified_gmt":"2020-12-18T13:46:04","slug":"kulturni-dan-3-razred-gorica","status":"publish","type":"post","link":"https:\/\/www.os-slivnica.si\/?p=13923","title":{"rendered":"Kulturni dan &#8211; 3. razred &#8211; Gorica"},"content":{"rendered":"<p>Tudi u\u010denci 3. razreda so opravili kulturni dan na daljavo. Pogledali so si gledali\u0161ko predstavo Pekarna Mi\u0161ma\u0161. Po ogledu so za Mi\u0161ma\u0161a iz slanega testa oblikovali posodice, jih pobarvali in poslikali. Nekateri so se preizkusili tudi kot peki.<\/p>\nngg_shortcode_0_placeholder\n","protected":false},"excerpt":{"rendered":"<p>Tudi u\u010denci 3. razreda so opravili kulturni dan na daljavo. Pogledali so si gledali\u0161ko predstavo Pekarna Mi\u0161ma\u0161. Po ogledu so za Mi\u0161ma\u0161a iz slanega testa oblikovali posodice, jih pobarvali in poslikali. Nekateri so se preizkusili tudi kot peki.<\/p>\n","protected":false},"author":6599,"featured_media":0,"comment_status":"closed","ping_status":"closed","sticky":false,"template":"","format":"standard","meta":{"_et_pb_use_builder":"","_et_pb_old_content":"","_et_gb_content_width":"","ngg_post_thumbnail":0,"footnotes":"","_expiration-date-status":"","_expiration-date":0,"_expiration-date-type":"","_expiration-date-categories":[],"_expiration-date-options":[]},"categories":[9],"tags":[],"class_list":["post-13923","post","type-post","status-publish","format-standard","hentry","category-aktualno","et-doesnt-have-format-content","et_post_format-et-post-format-standard"],"_links":{"self":[{"href":"https:\/\/www.os-slivnica.si\/index.php?rest_route=\/wp\/v2\/posts\/13923","targetHints":{"allow":["GET"]}}],"collection":[{"href":"https:\/\/www.os-slivnica.si\/index.php?rest_route=\/wp\/v2\/posts"}],"about":[{"href":"https:\/\/www.os-slivnica.si\/index.php?rest_route=\/wp\/v2\/types\/post"}],"author":[{"embeddable":true,"href":"https:\/\/www.os-slivnica.si\/index.php?rest_route=\/wp\/v2\/users\/6599"}],"replies":[{"embeddable":true,"href":"https:\/\/www.os-slivnica.si\/index.php?rest_route=%2Fwp%2Fv2%2Fcomments&post=13923"}],"version-history":[{"count":1,"href":"https:\/\/www.os-slivnica.si\/index.php?rest_route=\/wp\/v2\/posts\/13923\/revisions"}],"predecessor-version":[{"id":13927,"href":"https:\/\/www.os-slivnica.si\/index.php?rest_route=\/wp\/v2\/posts\/13923\/revisions\/13927"}],"wp:attachment":[{"href":"https:\/\/www.os-slivnica.si\/index.php?rest_route=%2Fwp%2Fv2%2Fmedia&parent=13923"}],"wp:term":[{"taxonomy":"category","embeddable":true,"href":"https:\/\/www.os-slivnica.si\/index.php?rest_route=%2Fwp%2Fv2%2Fcategories&post=13923"},{"taxonomy":"post_tag","embeddable":true,"href":"https:\/\/www.os-slivnica.si\/index.php?rest_route=%2Fwp%2Fv2%2Ftags&post=13923"}],"curies":[{"name":"wp","href":"https:\/\/api.w.org\/{rel}","templated":true}]}}